{"id":980,"date":"2012-10-04T09:35:21","date_gmt":"2012-10-04T09:35:21","guid":{"rendered":"https:\/\/jacquesprevert.fr\/?p=980"},"modified":"2012-10-10T09:41:32","modified_gmt":"2012-10-10T09:41:32","slug":"le-quai-des-brumes-sortie-en-salles-en-dvd-et-blu-ray","status":"publish","type":"post","link":"https:\/\/jacquesprevert.fr\/en\/2012\/10\/04\/le-quai-des-brumes-sortie-en-salles-en-dvd-et-blu-ray\/","title":{"rendered":"Le Quai des brumes : sortie en salles, en DVD et Blu-ray"},"content":{"rendered":"<h3 style=\"text-align: center;\">Le film restaur\u00e9 par StucioCanal et La Cin\u00e9math\u00e8que fran\u00e7aise sort en salles, en DVD et, pour la premi\u00e8re fois, en Blu-ray.<\/h3>\n<p>&nbsp;<\/p>\n<h2 style=\"text-align: center;\">En DVD le 9 octobre 2012<\/h2>\n<h2 style=\"text-align: center;\">En Blu-ray le 23 octobre 2012<\/h2>\n<h2 style=\"text-align: center;\">En salles le 31 octobre 2012<\/h2>\n<p>&nbsp;<\/p>\n<p>&nbsp;<\/p>\n<p style=\"text-align: justify;\"><span style=\"color: #000000;\"><em>Le Quai des brumes<\/em>\u00a0est un film fran\u00e7ais\u00a0r\u00e9alis\u00e9 par Marcel Carn\u00e9 en 1938,\u00a0rattach\u00e9 \u00e0 la veine du r\u00e9alisme po\u00e9tique, adapt\u00e9 du roman\u00a0<em>Le Quai des brumes <\/em>de Pierre Mac Orlan\u00a0publi\u00e9 en 1927.<\/span><\/p>\n<p style=\"text-align: justify;\"><span style=\"color: #000000;\">Le film, troisi\u00e8me collaboration entre Carn\u00e9 et Jacques Pr\u00e9vert\u00a0apr\u00e8s <em>Jenny<\/em>\u00a0et <em>Dr\u00f4le de drame<\/em>, met en vedette Jean Gabin, Michel Simon, Mich\u00e8le Morgan\u00a0et Pierre Brasseur. \u00a0<\/span><\/p>\n<p>&nbsp;<\/p>\n<p>Synopsis<\/p>\n<p style=\"text-align: justify;\">Par une nuit t\u00e9n\u00e9breuse, un d\u00e9serteur du nom de Jean arrive au Havre dans l\u2019espoir de quitter la France. En attendant un bateau, il trouve refuge au bout des quais, dans une baraque autour de laquelle gravitent plusieurs marginaux. Il y fait la rencontre de Nelly, une belle et myst\u00e9rieuse jeune femme dont le regard le bouleverse. Cette derni\u00e8re vit dans la terreur de son tuteur, le mis\u00e9rable Zabel, lui-m\u00eame rackett\u00e9 par une bande de voyous. Par amour, Jean se m\u00eale aux affaires de Nelly et met les pieds dans un engrenage p\u00e9rilleux\u2026<\/p>\n","protected":false},"excerpt":{"rendered":"<p>Le film restaur\u00e9 par StucioCanal et La Cin\u00e9math\u00e8que fran\u00e7aise sort en salles, en DVD et, pour la premi\u00e8re fois, en Blu-ray. &nbsp; En DVD le 9 octobre 2012 En Blu-ray le 23 octobre 2012 En salles le 31 octobre 2012 &nbsp; &nbsp; Le Quai des brumes\u00a0est un film fran\u00e7ais\u00a0r\u00e9alis\u00e9 par Marcel Carn\u00e9 en 1938,\u00a0rattach\u00e9 \u00e0 [&hellip;]<\/p>\n","protected":false},"author":3,"featured_media":982,"comment_status":"open","ping_status":"open","sticky":false,"template":"","format":"standard","meta":{"footnotes":""},"categories":[8],"tags":[],"class_list":["post-980","post","type-post","status-publish","format-standard","has-post-thumbnail","hentry","category-audiovisuel","couleurs-red"],"aioseo_notices":[],"_links":{"self":[{"href":"https:\/\/jacquesprevert.fr\/en\/wp-json\/wp\/v2\/posts\/980","targetHints":{"allow":["GET"]}}],"collection":[{"href":"https:\/\/jacquesprevert.fr\/en\/wp-json\/wp\/v2\/posts"}],"about":[{"href":"https:\/\/jacquesprevert.fr\/en\/wp-json\/wp\/v2\/types\/post"}],"author":[{"embeddable":true,"href":"https:\/\/jacquesprevert.fr\/en\/wp-json\/wp\/v2\/users\/3"}],"replies":[{"embeddable":true,"href":"https:\/\/jacquesprevert.fr\/en\/wp-json\/wp\/v2\/comments?post=980"}],"version-history":[{"count":5,"href":"https:\/\/jacquesprevert.fr\/en\/wp-json\/wp\/v2\/posts\/980\/revisions"}],"predecessor-version":[{"id":997,"href":"https:\/\/jacquesprevert.fr\/en\/wp-json\/wp\/v2\/posts\/980\/revisions\/997"}],"wp:featuredmedia":[{"embeddable":true,"href":"https:\/\/jacquesprevert.fr\/en\/wp-json\/wp\/v2\/media\/982"}],"wp:attachment":[{"href":"https:\/\/jacquesprevert.fr\/en\/wp-json\/wp\/v2\/media?parent=980"}],"wp:term":[{"taxonomy":"category","embeddable":true,"href":"https:\/\/jacquesprevert.fr\/en\/wp-json\/wp\/v2\/categories?post=980"},{"taxonomy":"post_tag","embeddable":true,"href":"https:\/\/jacquesprevert.fr\/en\/wp-json\/wp\/v2\/tags?post=980"}],"curies":[{"name":"wp","href":"https:\/\/api.w.org\/{rel}","templated":true}]}}