{"id":856,"date":"2013-01-17T08:51:04","date_gmt":"2013-01-17T08:51:04","guid":{"rendered":"https:\/\/jacquesprevert.fr\/?p=856"},"modified":"2013-02-11T09:34:03","modified_gmt":"2013-02-11T09:34:03","slug":"les-enfants-du-paradis-sortie-en-salle-en-dvd-et-blu-ray","status":"publish","type":"post","link":"https:\/\/jacquesprevert.fr\/en\/2013\/01\/17\/les-enfants-du-paradis-sortie-en-salle-en-dvd-et-blu-ray\/","title":{"rendered":"Les Enfants du paradis : sortie en salles, en DVD et Blu-ray"},"content":{"rendered":"<p style=\"text-align: center;\">\n<p style=\"text-align: center;\"><strong>A l&#8217;occasion de l&#8217;exposition <em><a title=\"Les Enfants du paradis\" href=\"http:\/\/www.cinematheque.fr\/fr\/expositions-cinema\/exposition-enfants-paradis.html\" target=\"_blank\">Les Enfants du paradis<\/a> <\/em>pr\u00e9sent\u00e9e \u00e0 la Cin\u00e9math\u00e8que fran\u00e7aise du 24 octobre 2012 au 27 janvier 2013,\u00a0le film restaur\u00e9 par Path\u00e9 ressortira en salles, en DVD et, pour la premi\u00e8re fois, en Blu-ray. Arte, en partenariat avec la Cin\u00e9math\u00e8que, diffusera \u00e9galement le film pendant la dur\u00e9e de l&#8217;\u00e9v\u00e9nement.<\/strong><\/p>\n<h1 style=\"text-align: center;\">Sortie en salles, en DVD et Blu-ray le 24 octobre 2012<\/h1>\n<p>&nbsp;<\/p>\n<h1 style=\"text-align: center;\">Diffusion sur Arte le lundi 5 novembre \u00e0 20h50<\/h1>\n<p style=\"text-align: justify;\">Class\u00e9 par l&#8217;Unesco au Patrimoine Mondial, chef-d\u2019oeuvre de Marcel Carn\u00e9 d&#8217;apr\u00e8s un sc\u00e9nario de Jacques Pr\u00e9vert,\u00a0<em>Les Enfants du paradis<\/em>\u00a0est consid\u00e9r\u00e9 comme un grand classique du cin\u00e9ma fran\u00e7ais, depuis sa sortie en salle en 1945. L\u2019affiche est une succession de noms devenus d\u00e9sormais mythiques, Jean-Louis Barrault, Pierre Brasseur, Marcel Herrand, Arletty&#8230;<\/p>\n<p style=\"text-align: justify;\">Synopsis<\/p>\n<p style=\"text-align: justify;\">Paris, peu avant la r\u00e9volution de 1830. Le mime Baptiste Deburau et le com\u00e9dien Fr\u00e9d\u00e9rick Lema\u00eetre sont deux jeunes artistes d\u00e9butants du Th\u00e9\u00e2tre des Funambules. Leur vie croise celle de Garance, une tr\u00e8s jolie jeune femme que l\u2019on devine avoir beaucoup v\u00e9cu. Bien que Baptiste soit secr\u00e8tement amoureux d\u2019elle, c\u2019est Fr\u00e9d\u00e9rick qui parvient \u00e0 gagner ses faveurs. Mais Garance est inqui\u00e9t\u00e9e dans une tentative d\u2019assassinat commise par son ami Lacenaire, un anarchiste receleur doubl\u00e9 d\u2019un assassin. Pour \u00e9chapper \u00e0 cette affaire, Garance accepte la protection d\u2019un comte. Sept ans plus tard, alors que Deburau et Lema\u00eetre sont devenus des artistes c\u00e9l\u00e8bres, Garance r\u00e9appara\u00eet.<\/p>\n<p style=\"text-align: justify;\">\n<p style=\"text-align: justify;\">\n<p style=\"text-align: center;\">\n<p>&nbsp;<\/p>\n","protected":false},"excerpt":{"rendered":"<p>A l&#8217;occasion de l&#8217;exposition Les Enfants du paradis pr\u00e9sent\u00e9e \u00e0 la Cin\u00e9math\u00e8que fran\u00e7aise du 24 octobre 2012 au 27 janvier 2013,\u00a0le film restaur\u00e9 par Path\u00e9 ressortira en salles, en DVD et, pour la premi\u00e8re fois, en Blu-ray. Arte, en partenariat avec la Cin\u00e9math\u00e8que, diffusera \u00e9galement le film pendant la dur\u00e9e de l&#8217;\u00e9v\u00e9nement. Sortie en salles, [&hellip;]<\/p>\n","protected":false},"author":3,"featured_media":879,"comment_status":"open","ping_status":"open","sticky":false,"template":"","format":"standard","meta":{"footnotes":""},"categories":[8],"tags":[],"class_list":["post-856","post","type-post","status-publish","format-standard","has-post-thumbnail","hentry","category-audiovisuel","couleurs-yellow"],"aioseo_notices":[],"_links":{"self":[{"href":"https:\/\/jacquesprevert.fr\/en\/wp-json\/wp\/v2\/posts\/856","targetHints":{"allow":["GET"]}}],"collection":[{"href":"https:\/\/jacquesprevert.fr\/en\/wp-json\/wp\/v2\/posts"}],"about":[{"href":"https:\/\/jacquesprevert.fr\/en\/wp-json\/wp\/v2\/types\/post"}],"author":[{"embeddable":true,"href":"https:\/\/jacquesprevert.fr\/en\/wp-json\/wp\/v2\/users\/3"}],"replies":[{"embeddable":true,"href":"https:\/\/jacquesprevert.fr\/en\/wp-json\/wp\/v2\/comments?post=856"}],"version-history":[{"count":28,"href":"https:\/\/jacquesprevert.fr\/en\/wp-json\/wp\/v2\/posts\/856\/revisions"}],"predecessor-version":[{"id":1146,"href":"https:\/\/jacquesprevert.fr\/en\/wp-json\/wp\/v2\/posts\/856\/revisions\/1146"}],"wp:featuredmedia":[{"embeddable":true,"href":"https:\/\/jacquesprevert.fr\/en\/wp-json\/wp\/v2\/media\/879"}],"wp:attachment":[{"href":"https:\/\/jacquesprevert.fr\/en\/wp-json\/wp\/v2\/media?parent=856"}],"wp:term":[{"taxonomy":"category","embeddable":true,"href":"https:\/\/jacquesprevert.fr\/en\/wp-json\/wp\/v2\/categories?post=856"},{"taxonomy":"post_tag","embeddable":true,"href":"https:\/\/jacquesprevert.fr\/en\/wp-json\/wp\/v2\/tags?post=856"}],"curies":[{"name":"wp","href":"https:\/\/api.w.org\/{rel}","templated":true}]}}