{"id":822,"date":"2012-07-10T14:38:28","date_gmt":"2012-07-10T14:38:28","guid":{"rendered":"https:\/\/jacquesprevert.fr\/?p=822"},"modified":"2012-09-03T08:31:42","modified_gmt":"2012-09-03T08:31:42","slug":"documentaire-une-maison-un-ecrivain","status":"publish","type":"post","link":"https:\/\/jacquesprevert.fr\/en\/2012\/07\/10\/documentaire-une-maison-un-ecrivain\/","title":{"rendered":"Documentaire Une maison, un \u00e9crivain"},"content":{"rendered":"<p style=\"text-align: center;\">\n<p style=\"text-align: center;\"><strong>Documentaire <a title=\"France 5\" href=\"http:\/\/documentaires.france5.fr\/documentaires\/une-maison-un-ecrivain\/jacques-prevert-l\u2019univers-de-la-cite-veron\" target=\"_blank\"><em>Une maison, un \u00e9crivain<\/em><\/a>, r\u00e9alis\u00e9 par Virginie Linhart avec le concours de Fatras\/Succession Jacques Pr\u00e9vert.\u00a0<\/strong><\/p>\n<h2 style=\"text-align: center;\">Prochaine diffusion samedi 14 juillet \u00e0 19h55 sur France 5<\/h2>\n<p style=\"text-align: justify;\">Au fond de la Cit\u00e9 V\u00e9ron, \u00ab voisin de terrasse \u00bb de Boris Vian, Jacques Pr\u00e9vert s\u2019installe, \u00e0 55 ans, \u00e0 Pigalle. Aujourd\u2019hui, le lieu demeure pr\u00e9serv\u00e9, l\u2019appartement est identique, il regroupe les archives du po\u00e8te. Cit\u00e9 V\u00e9ron, celui-ci va vivre ses derni\u00e8res ann\u00e9es de cr\u00e9ation intense, profitant enfin de la renomm\u00e9e tardivement arriv\u00e9e et d\u2019un peu de confort mat\u00e9riel. Il est entour\u00e9 de ses amis, c\u00e9l\u00e8bres ou non. Ce lieu devient vite le point de ralliement de la \u00ab galaxie Pr\u00e9vert \u00bb.<\/p>\n<p style=\"text-align: justify;\">\n<p style=\"text-align: justify;\">\n","protected":false},"excerpt":{"rendered":"<p>Documentaire Une maison, un \u00e9crivain, r\u00e9alis\u00e9 par Virginie Linhart avec le concours de Fatras\/Succession Jacques Pr\u00e9vert.\u00a0 Prochaine diffusion samedi 14 juillet \u00e0 19h55 sur France 5 Au fond de la Cit\u00e9 V\u00e9ron, \u00ab voisin de terrasse \u00bb de Boris Vian, Jacques Pr\u00e9vert s\u2019installe, \u00e0 55 ans, \u00e0 Pigalle. Aujourd\u2019hui, le lieu demeure pr\u00e9serv\u00e9, l\u2019appartement est [&hellip;]<\/p>\n","protected":false},"author":3,"featured_media":824,"comment_status":"open","ping_status":"open","sticky":false,"template":"","format":"standard","meta":{"footnotes":""},"categories":[8],"tags":[],"class_list":["post-822","post","type-post","status-publish","format-standard","has-post-thumbnail","hentry","category-audiovisuel","couleurs-red"],"aioseo_notices":[],"_links":{"self":[{"href":"https:\/\/jacquesprevert.fr\/en\/wp-json\/wp\/v2\/posts\/822","targetHints":{"allow":["GET"]}}],"collection":[{"href":"https:\/\/jacquesprevert.fr\/en\/wp-json\/wp\/v2\/posts"}],"about":[{"href":"https:\/\/jacquesprevert.fr\/en\/wp-json\/wp\/v2\/types\/post"}],"author":[{"embeddable":true,"href":"https:\/\/jacquesprevert.fr\/en\/wp-json\/wp\/v2\/users\/3"}],"replies":[{"embeddable":true,"href":"https:\/\/jacquesprevert.fr\/en\/wp-json\/wp\/v2\/comments?post=822"}],"version-history":[{"count":16,"href":"https:\/\/jacquesprevert.fr\/en\/wp-json\/wp\/v2\/posts\/822\/revisions"}],"predecessor-version":[{"id":855,"href":"https:\/\/jacquesprevert.fr\/en\/wp-json\/wp\/v2\/posts\/822\/revisions\/855"}],"wp:featuredmedia":[{"embeddable":true,"href":"https:\/\/jacquesprevert.fr\/en\/wp-json\/wp\/v2\/media\/824"}],"wp:attachment":[{"href":"https:\/\/jacquesprevert.fr\/en\/wp-json\/wp\/v2\/media?parent=822"}],"wp:term":[{"taxonomy":"category","embeddable":true,"href":"https:\/\/jacquesprevert.fr\/en\/wp-json\/wp\/v2\/categories?post=822"},{"taxonomy":"post_tag","embeddable":true,"href":"https:\/\/jacquesprevert.fr\/en\/wp-json\/wp\/v2\/tags?post=822"}],"curies":[{"name":"wp","href":"https:\/\/api.w.org\/{rel}","templated":true}]}}