{"id":762,"date":"2012-05-19T14:39:21","date_gmt":"2012-05-19T14:39:21","guid":{"rendered":"https:\/\/jacquesprevert.fr\/?p=762"},"modified":"2012-05-22T15:44:22","modified_gmt":"2012-05-22T15:44:22","slug":"images-decoupees-images-detournees-les-collages-de-jacques-prevert","status":"publish","type":"post","link":"https:\/\/jacquesprevert.fr\/en\/2012\/05\/19\/images-decoupees-images-detournees-les-collages-de-jacques-prevert\/","title":{"rendered":"Images d\u00e9coup\u00e9es, images d\u00e9tourn\u00e9es&#8230; Les collages de Jacques Pr\u00e9vert"},"content":{"rendered":"<p><\/p>\n<h2 style=\"text-align: justify;\"><\/h2>\n<h2 style=\"text-align: justify;\">Exposition \u00e0 partir du 19 mai 2012, Omonville-la-Petite (50). Avec le concours de Fatras\/Succession Jacques Pr\u00e9vert.<\/h2>\n<h2 style=\"text-align: justify;\"><\/h2>\n<p style=\"text-align: justify;\">La Maison Jacques Pr\u00e9vert, \u00e0 Omonville-la-Petite, sit\u00e9 g\u00e9r\u00e9 par le conseil g\u00e9n\u00e9ral de la Manche, propose au grand public une nouvelle exposition temporaire, \u00e0 partir du 19 mai 2012 :\u00a0<em><a href=\"http:\/\/patrimoine.manche.fr\/maison-jacques-prevert-expositions-N.asp\" target=\"_blank\">Images d\u00e9coup\u00e9es, images d\u00e9tourn\u00e9es&#8230;les collages de Jacques Pr\u00e9vert<\/a><\/em><\/p>\n<h2 style=\"text-align: justify;\"><\/h2>\n<p style=\"text-align: justify;\">Cette exposition pr\u00e9sente la collection de collages de la Maison Jacques Pr\u00e9vert, une partie de la Collection priv\u00e9e Jacques Pr\u00e9vert (photographies et collages pr\u00eat\u00e9s par Fatras), et permet de d\u00e9couvrir cette activit\u00e9 artistique devenue un moyen d&#8217;expression privil\u00e9gi\u00e9 du po\u00e8te, \u00e0 la fin de sa vie.\u00a0<strong>Les collages sont un aspect de la cr\u00e9ation artistique de Jacques Pr\u00e9vert peu connu du grand public.<\/strong>\u00a0Rares et fragiles, ils font pourtant partie int\u00e9grante de son \u0153uvre, formant un \u00e9cho troublant \u00e0 ses textes, autant par la forme que par les sujets \u00e9voqu\u00e9s.<\/p>\n<h2 style=\"text-align: justify;\"><\/h2>\n<p style=\"text-align: justify;\">Cette m\u00e9connaissance des collages de Jacques Pr\u00e9vert, et de\u00a0 cet art en r\u00e8gle g\u00e9n\u00e9rale, est aussi li\u00e9e au fait que cette pratique a longtemps \u00e9t\u00e9 consid\u00e9r\u00e9e comme une activit\u00e9 artistique mineure, \u00e0 la technique simple et banale. Invent\u00e9e au d\u00e9but du XX<sup>e<\/sup>si\u00e8cle, la technique du collage est adopt\u00e9e par Jacques Pr\u00e9vert dans les ann\u00e9es 1940. Elle deviendra vite pour lui une pratique assidue.\u00a0M\u00eame si les collages semblent relever d\u2019un acte enfantin de prime abord, ils sont bien un moyen d\u2019expression sophistiqu\u00e9, fruit d\u2019un travail artistique r\u00e9fl\u00e9chi et complexe.\u00a0<strong>La Maison Jacques Pr\u00e9vert invite \u00e0 d\u00e9couvrir les collages de Jacques Pr\u00e9vert et \u00e0 comprendre son processus de cr\u00e9ation artistique, tout en s\u2019impr\u00e9gnant de son univers fantasque, \u00e9trange et inattendu.<\/strong><\/p>\n<h2 style=\"text-align: justify;\"><\/h2>\n<p style=\"text-align: justify;\">Jacques Pr\u00e9vert commence sans doute \u00e0 r\u00e9aliser des collages dans les ann\u00e9es 1940. Son premier collage connu,\u00a0<em>Portrait de Janine<\/em>, date de 1943. Il le r\u00e9alise \u00e0 partir d\u2019une photographie de sa femme en train de danser, autour de laquelle il dispose une guirlande de fleurs et de feuilles d\u00e9coup\u00e9es dans des planches de botanique.<\/p>\n<h2 style=\"text-align: justify;\"><\/h2>\n<p style=\"text-align: justify;\">En 1948, Jacques Pr\u00e9vert a un grave accident en tombant de la fen\u00eatre du premier \u00e9tage d\u2019un studio de la Radiodiffusion nationale. Au cours de sa convalescence, ne pouvant plus \u00e9crire, il d\u00e9coupe des images, les assemble et les colle pour en fabriquer d\u2019autres. Il s\u2019agit d\u2019abord d\u2019un exercice de r\u00e9\u00e9ducation manuelle et intellectuelle, qui se transforme rapidement en une pratique assidue.<\/p>\n<h2 style=\"text-align: justify;\"><\/h2>\n<div style=\"text-align: justify;\">\n<p style=\"text-align: justify;\"><strong>Le processus de cr\u00e9ation rev\u00eat une certaine fulgurance, que l\u2019on peut rapprocher de la parole de Jacques Pr\u00e9vert souvent d\u00e9crite comme un extraordinaire flot ininterrompu de mots.<\/strong><\/p>\n<p style=\"text-align: justify;\">Sa premi\u00e8re t\u00e2che consiste \u00e0 choisir une image de d\u00e9part, un d\u00e9cor. Sur celui-ci, il dispose les \u00e9l\u00e9ments d\u00e9coup\u00e9s, les fait bouger sous ses doigts longuement, patiemment, jusqu\u2019\u00e0 ce qu\u2019ils trouvent leur place. Au cours de l\u2019\u00e9laboration du collage, Jacques<strong>\u00a0<\/strong>Pr\u00e9vert accorde un soin particulier \u00e0 la lumi\u00e8re et aux couleurs, qu\u2019il aime vives, avec une pr\u00e9dilection pour le rouge. Ses collages sont coll\u00e9s sur un papier Canson ou sur une chemise de couleur en carton, afin de cr\u00e9er un cadre et de s\u2019assurer une meilleure manipulation du collage par la suite. Une fois termin\u00e9, il pose le collage bien \u00e0 plat sous une pile d\u2019annuaires ou de dictionnaires, et le laisse s\u00e9cher.<\/p>\n<p style=\"text-align: justify;\">Les images pieuses ou populaires du XIX<sup>e<\/sup>si\u00e8cle sont ses premi\u00e8res sources d\u2019inspiration. Son imagination est \u00e9galement r\u00e9ceptive aux images de tous les\u00a0 jours\u00a0: cartes postales touristiques, reproductions d\u2019\u0153uvres d\u2019art, illustrations de magazine. Toutefois, son mat\u00e9riau\u00a0de pr\u00e9dilection est la production de ses amis photographes, qu\u2019il accommode et modifie \u00e0 son go\u00fbt. Le plaisir qu\u2019il trouve \u00e0 utiliser leurs clich\u00e9s est celui d\u2019un travail r\u00e9alis\u00e9 pour ainsi dire en collaboration, apr\u00e8s coup, avec l\u2019auteur de la photographie.<\/p>\n<p style=\"text-align: justify;\"><strong>Les th\u00e8mes abord\u00e9s dans les collages de Jacques Pr\u00e9vert sont souvent les m\u00eames que dans ses \u0153uvres \u00e9crites<\/strong>\u00a0: rejet des institutions (Eglise et arm\u00e9e), sympathie pour les femmes et pour les enfants, tendresse et compassion pour les animaux, vision onirique ou fantastique de la r\u00e9alit\u00e9, satire de la soci\u00e9t\u00e9 et de ses injustices. Par ses collages, il recr\u00e9e une nouvelle r\u00e9alit\u00e9 faisant perdre leur signification aux images pour leur en donner une autre, toute contraire. Il souhaite cr\u00e9er une certaine confusion afin d\u2019inviter \u00e0 repenser le monde. La subversion est ainsi partout pr\u00e9sente dans ses collages.<\/p>\n<p style=\"text-align: justify;\">Le collage est une technique artistique qui est apparue au XX<sup>e<\/sup>\u00a0si\u00e8cle. C\u2019est en 1912 que George Braque et Pablo Picasso r\u00e9alisent les premiers \u00ab\u00a0papiers coll\u00e9s\u00a0\u00bb en introduisant dans leurs compositions picturales des \u00e9l\u00e9ments de la r\u00e9alit\u00e9 quotidienne (coupure de journaux, papiers peints). Ces premi\u00e8res tentatives cubistes permettent d\u2019ancrer la r\u00e9alit\u00e9 dans les cr\u00e9ations artistiques en utilisant des objets du quotidien, et de red\u00e9finir l\u2019espace du tableau en cr\u00e9ant un relief.<\/p>\n<p style=\"text-align: justify;\">Diff\u00e9rents artistes vont s\u2019approprier la technique du collage, au cours du XX<sup>e<\/sup>\u00a0si\u00e8cle. John Heartfield, artiste dada\u00efste allemand, se sert de photographies qu&#8217;il d\u00e9coupe pour manipuler l&#8217;actualit\u00e9 politique. Cette technique du\u00a0 photomontage, que Heartfield invente dans les ann\u00e9es 1920, lui permet de d\u00e9noncer\u00a0 la r\u00e9pression et les atrocit\u00e9s de la guerre, sous une forme satirique et provocatrice. Max Ernst, surnomm\u00e9 \u00ab\u00a0Roi Image du collage\u00a0\u00bb par Jacques Pr\u00e9vert, r\u00e9alise plusieurs \u00ab\u00a0romans collages\u00a0\u00bb dans les ann\u00e9es 1920, notamment celui de la\u00a0<em>Femme 100 t\u00eates<\/em>. S\u2019\u00e9loignant de la r\u00e9alit\u00e9, ses \u0153uvres \u00e9voquent le r\u00eave, l\u2019irrationnel et la plong\u00e9e dans l\u2019inconscient<\/p>\n<\/div>\n<h2 style=\"text-align: justify;\"><span style=\"font-size: small;\"><span class=\"Apple-style-span\" style=\"font-size: 13px;\"><span style=\"font-size: x-large;\"><span class=\"Apple-style-span\" style=\"font-size: 20px;\"><br \/>\n<\/span><\/span><\/span><\/span><\/h2>\n<p><\/p>","protected":false},"excerpt":{"rendered":"<p>Exposition \u00e0 partir du 19 mai 2012, Omonville-la-Petite (50). Avec le concours de Fatras\/Succession Jacques Pr\u00e9vert. La Maison Jacques Pr\u00e9vert, \u00e0 Omonville-la-Petite, sit\u00e9 g\u00e9r\u00e9 par le conseil g\u00e9n\u00e9ral de la Manche, propose au grand public une nouvelle exposition temporaire, \u00e0 partir du 19 mai 2012 :\u00a0Images d\u00e9coup\u00e9es, images d\u00e9tourn\u00e9es&#8230;les collages de Jacques Pr\u00e9vert Cette exposition [&hellip;]<\/p>\n","protected":false},"author":3,"featured_media":794,"comment_status":"open","ping_status":"open","sticky":false,"template":"","format":"standard","meta":{"footnotes":""},"categories":[9],"tags":[],"class_list":["post-762","post","type-post","status-publish","format-standard","has-post-thumbnail","hentry","category-exposition","couleurs-green"],"aioseo_notices":[],"_links":{"self":[{"href":"https:\/\/jacquesprevert.fr\/en\/wp-json\/wp\/v2\/posts\/762","targetHints":{"allow":["GET"]}}],"collection":[{"href":"https:\/\/jacquesprevert.fr\/en\/wp-json\/wp\/v2\/posts"}],"about":[{"href":"https:\/\/jacquesprevert.fr\/en\/wp-json\/wp\/v2\/types\/post"}],"author":[{"embeddable":true,"href":"https:\/\/jacquesprevert.fr\/en\/wp-json\/wp\/v2\/users\/3"}],"replies":[{"embeddable":true,"href":"https:\/\/jacquesprevert.fr\/en\/wp-json\/wp\/v2\/comments?post=762"}],"version-history":[{"count":15,"href":"https:\/\/jacquesprevert.fr\/en\/wp-json\/wp\/v2\/posts\/762\/revisions"}],"predecessor-version":[{"id":795,"href":"https:\/\/jacquesprevert.fr\/en\/wp-json\/wp\/v2\/posts\/762\/revisions\/795"}],"wp:featuredmedia":[{"embeddable":true,"href":"https:\/\/jacquesprevert.fr\/en\/wp-json\/wp\/v2\/media\/794"}],"wp:attachment":[{"href":"https:\/\/jacquesprevert.fr\/en\/wp-json\/wp\/v2\/media?parent=762"}],"wp:term":[{"taxonomy":"category","embeddable":true,"href":"https:\/\/jacquesprevert.fr\/en\/wp-json\/wp\/v2\/categories?post=762"},{"taxonomy":"post_tag","embeddable":true,"href":"https:\/\/jacquesprevert.fr\/en\/wp-json\/wp\/v2\/tags?post=762"}],"curies":[{"name":"wp","href":"https:\/\/api.w.org\/{rel}","templated":true}]}}