{"id":441,"date":"2012-07-03T10:12:45","date_gmt":"2012-07-03T10:12:45","guid":{"rendered":"https:\/\/jacquesprevert.fr\/?p=441"},"modified":"2012-07-03T11:47:09","modified_gmt":"2012-07-03T11:47:09","slug":"concert-le-soleil-brille-pour-tout-le-monde","status":"publish","type":"post","link":"https:\/\/jacquesprevert.fr\/en\/2012\/07\/03\/concert-le-soleil-brille-pour-tout-le-monde\/","title":{"rendered":"Le soleil brille pour tout le monde?"},"content":{"rendered":"<p><\/p>\n<p style=\"text-align: justify;\"><strong>Prix Coup de Coeur de l&#8217;Acad\u00e9mie Charles Cros pour l&#8217;album &#8220;Le soleil brille pour tout le monde?&#8221; de<a href=\"http:\/\/www.nevchehirlian.com\" target=\"_blank\">Nevchehirlian<\/a>\u00a0<\/strong><\/p>\n<p style=\"text-align: justify;\">Prochain concert le 3 juillet \u00e0 Marseille, au Th\u00e9\u00e2tre Silvain (gratuit)<\/p>\n<p style=\"text-align: justify;\"><strong><\/strong>Tant d\u2019ann\u00e9es apr\u00e8s sa mort, un pan de l\u2019\u0153uvre de Jacques Pr\u00e9vert, peut-\u00eatre le plus fort, reste m\u00e9connu du grand public. C\u2019est le Pr\u00e9vert insou- mis, r\u00e9volt\u00e9, le Pr\u00e9vert qui d\u00e9crit avec tant de vitalit\u00e9 son incompr\u00e9hension du monde qui l\u2019entoure. A l\u2019occasion du documentaire \u00ab\u00a0Jacques Pr\u00e9vert, Paroles d\u2019un insoumis\u00a0\u00bb, r\u00e9alis\u00e9 par Camille Clavel pour France 5, Nevchehirlian met en musique \u00ab\u00a0Tentative de description d\u2019un d\u00eener de t\u00eate \u00e0 Paris-France\u00a0\u00bb. C\u2019est une r\u00e9v\u00e9lation. La langue de Pr\u00e9vert trouve dans la voix de Fr\u00e9d\u00e9ric un \u00e9cho et une modernit\u00e9 insoup\u00e7onn\u00e9s. Eug\u00e9nie Bachelot Pr\u00e9vert, petite fille du po\u00e8te, ne s\u2019y trompe pas, convaincue par l\u2019interpr\u00e9tation et la mise en musique de Nevchehirlian, elle lui propose de poursuivre le travail en lui ouvrant le catalogue des textes qui n\u2019avaient pas fait l\u2019objet d\u2019une orchestration, dont certains in\u00e9dits. Un Pr\u00e9vert intime et engag\u00e9, insoumis et amoureux, mis en musique dans une veine folk et rock lo-fi. Du texte d\u00e9clam\u00e9 \u00e0 la chanson, la langue de Pr\u00e9vert r\u00e9sonne dans la voix de Nevchehirlian avec une actualit\u00e9 provocante.<\/p>\n<p><\/p>","protected":false},"excerpt":{"rendered":"<p>Prix Coup de Coeur de l&#8217;Acad\u00e9mie Charles Cros pour l&#8217;album &#8220;Le soleil brille pour tout le monde?&#8221; deNevchehirlian\u00a0 Prochain concert le 3 juillet \u00e0 Marseille, au Th\u00e9\u00e2tre Silvain (gratuit) Tant d\u2019ann\u00e9es apr\u00e8s sa mort, un pan de l\u2019\u0153uvre de Jacques Pr\u00e9vert, peut-\u00eatre le plus fort, reste m\u00e9connu du grand public. C\u2019est le Pr\u00e9vert insou- mis, [&hellip;]<\/p>\n","protected":false},"author":3,"featured_media":787,"comment_status":"open","ping_status":"open","sticky":false,"template":"","format":"standard","meta":{"footnotes":""},"categories":[12],"tags":[],"class_list":["post-441","post","type-post","status-publish","format-standard","has-post-thumbnail","hentry","category-concert","couleurs-yellow"],"aioseo_notices":[],"_links":{"self":[{"href":"https:\/\/jacquesprevert.fr\/en\/wp-json\/wp\/v2\/posts\/441","targetHints":{"allow":["GET"]}}],"collection":[{"href":"https:\/\/jacquesprevert.fr\/en\/wp-json\/wp\/v2\/posts"}],"about":[{"href":"https:\/\/jacquesprevert.fr\/en\/wp-json\/wp\/v2\/types\/post"}],"author":[{"embeddable":true,"href":"https:\/\/jacquesprevert.fr\/en\/wp-json\/wp\/v2\/users\/3"}],"replies":[{"embeddable":true,"href":"https:\/\/jacquesprevert.fr\/en\/wp-json\/wp\/v2\/comments?post=441"}],"version-history":[{"count":29,"href":"https:\/\/jacquesprevert.fr\/en\/wp-json\/wp\/v2\/posts\/441\/revisions"}],"predecessor-version":[{"id":782,"href":"https:\/\/jacquesprevert.fr\/en\/wp-json\/wp\/v2\/posts\/441\/revisions\/782"}],"wp:featuredmedia":[{"embeddable":true,"href":"https:\/\/jacquesprevert.fr\/en\/wp-json\/wp\/v2\/media\/787"}],"wp:attachment":[{"href":"https:\/\/jacquesprevert.fr\/en\/wp-json\/wp\/v2\/media?parent=441"}],"wp:term":[{"taxonomy":"category","embeddable":true,"href":"https:\/\/jacquesprevert.fr\/en\/wp-json\/wp\/v2\/categories?post=441"},{"taxonomy":"post_tag","embeddable":true,"href":"https:\/\/jacquesprevert.fr\/en\/wp-json\/wp\/v2\/tags?post=441"}],"curies":[{"name":"wp","href":"https:\/\/api.w.org\/{rel}","templated":true}]}}