{"id":2679,"date":"2025-12-04T12:31:33","date_gmt":"2025-12-04T11:31:33","guid":{"rendered":"https:\/\/jacquesprevert.fr\/?p=2679"},"modified":"2025-12-10T11:28:57","modified_gmt":"2025-12-10T10:28:57","slug":"petition-2","status":"publish","type":"post","link":"https:\/\/jacquesprevert.fr\/en\/2025\/12\/04\/petition-2\/","title":{"rendered":"Signez la petition"},"content":{"rendered":"\n<h3 class=\"wp-block-heading\">Il faut sauver l&#8217;appartement de Jacques Pr\u00e9vert !<\/h3>\n\n\n\n<h3 class=\"wp-block-heading\">Le probl\u00e8me<\/h3>\n\n\n\n<p><strong><em>\u00ab Il faut que cet appartement mythique, ainsi que celui de Boris Vian soit imp\u00e9rativement class\u00e9 pour le prot\u00e9ger \u00e0 jamais.\u00bb <\/em><\/strong>Patrick Modiano \u00c9crivain Prix Nobel de Litt\u00e9rature<\/p>\n\n\n\n<p>Jacques Pr\u00e9vert, po\u00e8te incontournable du XX\u1d49 si\u00e8cle, a marqu\u00e9 la litt\u00e9rature, le cin\u00e9ma et l\u2019imaginaire culturel fran\u00e7ais. Ses mots r\u00e9sonnent encore aujourd\u2019hui dans les \u00e9coles, au th\u00e9\u00e2tre, au cin\u00e9ma, dans la rue et dans nos m\u00e9moires.<\/p>\n\n\n\n<p>&nbsp;L\u2019appartement o\u00f9 il a v\u00e9cu et cr\u00e9\u00e9 une partie de son \u0153uvre est menac\u00e9 de disparition par un projet d\u2019agrandissement du Moulin Rouge qui somme sa petite-fille, Eug\u00e9nie Bachelot-Pr\u00e9vert, de quitter les lieux.<\/p>\n\n\n\n<p>Ce lieu embl\u00e9matique, v\u00e9ritable morceau de notre patrimoine vivant, ne peut finir en tas de gravats, il m\u00e9rite d\u2019\u00eatre pr\u00e9serv\u00e9, prot\u00e9g\u00e9 et ouvert au public.<\/p>\n\n\n\n<p>Nous demandons la sauvegarde imm\u00e9diate de l\u2019appartement de Jacques Pr\u00e9vert, via une protection patrimoniale appropri\u00e9e, sa transformation en mus\u00e9e ou lieu culturel d\u00e9di\u00e9 afin de rendre hommage \u00e0 l\u2019un des plus grands po\u00e8tes fran\u00e7ais et de permettre au public de continuer \u00e0 d\u00e9couvrir son univers.<\/p>\n\n\n\n<p>Nous cherchons \u00e0 obtenir un r\u00e9el soutien des autorit\u00e9s publiques pour stopper cette entreprise malheureuse qui s\u2019appr\u00eate \u00e0 sacrifier un joyau de notre Histoire populaire.<\/p>\n\n\n\n<p>&nbsp;S\u2019il vous pla\u00eet, signez cette p\u00e9tition, partagez-la autour de vous pour que triomphe la voix de la raison, la sauvegarde d\u2019un t\u00e9moignage unique de notre patrimoine litt\u00e9raire !<\/p>\n\n\n\n<p>Avec le lien ci-dessous vous pouvez consulter la lettre ouverte \u00e0 Madame la ministre de la Culture ainsi que la liste des personnalit\u00e9s l\u2019ayant sign\u00e9e, mais aussi les articles du Monde, de T\u00e9l\u00e9rama, et du Figaro traitant le sujet.<\/p>\n\n\n\n<p><a href=\"https:\/\/www.change.org\/p\/il-faut-sauver-l-appartement-de-jacques-pr%C3%A9vert\">https:\/\/www.change.org\/p\/il-faut-sauver-l-appartement-de-jacques-pr%C3%A9vert<\/a><\/p>\n\n\n\n<p>Suivez-nous sur <a href=\"https:\/\/www.instagram.com\/chezjacquesprevert\/\" target=\"_blank\" rel=\"noopener\" title=\"\">Instagram<\/a>.<\/p>\n\n\n\n<p><strong>Jacques Pr\u00e9vert&#8217;s apartment must be saved !<\/strong><\/p>\n\n\n\n<p><strong>&#8220;This legendary apartment, along with Boris Vian&#8217;s, must be listed as a historical monument to protect it forever.&#8221;<\/strong><\/p>\n\n\n\n<p><strong>Patrick Modiano &nbsp;Writer &nbsp; Nobel Prize in Literature<\/strong><\/p>\n\n\n\n<p>Jacques Pr\u00e9vert, an essential 20th-century poet, left his mark on French literature, cinema, and cultural imagination. His words still resonate today in schools, theaters, cinemas, on the streets, and in our memories.<\/p>\n\n\n\n<p>The apartment where he lived and created part of his work is threatened with destruction by a Moulin Rouge expansion project that is forcing his granddaughter, Eug\u00e9nie Bachelot-Pr\u00e9vert, to leave.<\/p>\n\n\n\n<p>This iconic place, a true piece of our living heritage, cannot end up as a pile of rubble; it deserves to be preserved, protected, and open to the public.<\/p>\n\n\n\n<p>We demand the immediate preservation of Jacques Pr\u00e9vert&#8217;s apartment through appropriate heritage protection, its transformation into a museum or dedicated cultural center to honor one of France&#8217;s greatest poets and allow the public to continue discovering his world.<\/p>\n\n\n\n<p>We seek genuine support from public authorities to stop this unfortunate undertaking that threatens to destroy a jewel of our shared history.<\/p>\n\n\n\n<p>Please sign this petition and share it widely so that the voice of reason prevails and a unique testament to our literary heritage is preserved!<\/p>\n\n\n\n<p>The link below allows you to read the open letter to the Minister of Culture, the list of signatories, and articles from Le Monde, T\u00e9l\u00e9rama, and Le Figaro on this subject.<\/p>\n\n\n\n<p><a href=\"https:\/\/www.change.org\/p\/il-faut-sauver-l-appartement-de-jacques-pr%C3%A9vert\">https:\/\/www.change.org\/p\/il-faut-sauver-l-appartement-de-jacques-pr%C3%A9vert<\/a><\/p>\n\n\n\n<p>Follow us on <a href=\"https:\/\/www.instagram.com\/chezjacquesprevert\/\" target=\"_blank\" rel=\"noopener\" title=\"\">Instagram<\/a>.<\/p>\n","protected":false},"excerpt":{"rendered":"<p>Signez la petition : Il faut sauver l&#8217;appartement de Jacques Pr\u00e9vert !<\/p>\n","protected":false},"author":3,"featured_media":2677,"comment_status":"open","ping_status":"open","sticky":false,"template":"","format":"standard","meta":{"footnotes":""},"categories":[60],"tags":[16,58],"class_list":["post-2679","post","type-post","status-publish","format-standard","has-post-thumbnail","hentry","category-actualites","tag-jacques-prevert","tag-moulin-rouge","couleurs-red"],"aioseo_notices":[],"_links":{"self":[{"href":"https:\/\/jacquesprevert.fr\/en\/wp-json\/wp\/v2\/posts\/2679","targetHints":{"allow":["GET"]}}],"collection":[{"href":"https:\/\/jacquesprevert.fr\/en\/wp-json\/wp\/v2\/posts"}],"about":[{"href":"https:\/\/jacquesprevert.fr\/en\/wp-json\/wp\/v2\/types\/post"}],"author":[{"embeddable":true,"href":"https:\/\/jacquesprevert.fr\/en\/wp-json\/wp\/v2\/users\/3"}],"replies":[{"embeddable":true,"href":"https:\/\/jacquesprevert.fr\/en\/wp-json\/wp\/v2\/comments?post=2679"}],"version-history":[{"count":11,"href":"https:\/\/jacquesprevert.fr\/en\/wp-json\/wp\/v2\/posts\/2679\/revisions"}],"predecessor-version":[{"id":2694,"href":"https:\/\/jacquesprevert.fr\/en\/wp-json\/wp\/v2\/posts\/2679\/revisions\/2694"}],"wp:featuredmedia":[{"embeddable":true,"href":"https:\/\/jacquesprevert.fr\/en\/wp-json\/wp\/v2\/media\/2677"}],"wp:attachment":[{"href":"https:\/\/jacquesprevert.fr\/en\/wp-json\/wp\/v2\/media?parent=2679"}],"wp:term":[{"taxonomy":"category","embeddable":true,"href":"https:\/\/jacquesprevert.fr\/en\/wp-json\/wp\/v2\/categories?post=2679"},{"taxonomy":"post_tag","embeddable":true,"href":"https:\/\/jacquesprevert.fr\/en\/wp-json\/wp\/v2\/tags?post=2679"}],"curies":[{"name":"wp","href":"https:\/\/api.w.org\/{rel}","templated":true}]}}