{"id":2659,"date":"2025-11-21T14:22:04","date_gmt":"2025-11-21T13:22:04","guid":{"rendered":"https:\/\/jacquesprevert.fr\/?p=2659"},"modified":"2025-12-10T11:28:49","modified_gmt":"2025-12-10T10:28:49","slug":"lettre-ouverte-a-madame-rachida-dati-ministre-de-la-culture","status":"publish","type":"post","link":"https:\/\/jacquesprevert.fr\/en\/2025\/11\/21\/lettre-ouverte-a-madame-rachida-dati-ministre-de-la-culture\/","title":{"rendered":"Lettre ouverte \u00e0 Madame Rachida Dati, Ministre de la Culture"},"content":{"rendered":"\n<p>\u00ab En abandonnant l\u2019appartement de Jacques Pr\u00e9vert, Paris perdrait une partie de son \u00e2me \u00bb<\/p>\n\n\n\n<p>Madame la Ministre,<\/p>\n\n\n\n<p>L\u2019appartement de Jacques Pr\u00e9vert, lieu de m\u00e9moire unique, miraculeusement conserv\u00e9 depuis 1955 est menac\u00e9 de disparition. Son propri\u00e9taire, le Moulin Rouge, souhaite le r\u00e9cup\u00e9rer pour en faire l\u2019annexe d\u2019une nouvelle sc\u00e8ne consacr\u00e9e \u00e0 Mistinguett. On ne saurait honorer Mistinguett sur les ruines des <em>Enfants du Paradis<\/em>.<\/p>\n\n\n\n<p>De 1955 \u00e0 1977, chez Pr\u00e9vert, on a crois\u00e9 tout ce que Paris comptait d\u2019artistes : Pablo Picasso, Alexander Calder, Andr\u00e9 Breton, Marcel Carn\u00e9, Jean Gabin, Arletty, Yves Montand, Simone Signoret, Boris Vian (son voisin), Robert Doisneau et tant d\u2019autres encore qui ont collabor\u00e9 avec Jacques, le sc\u00e9nariste, le po\u00e8te, le chansonnier, le plasticien.<\/p>\n\n\n\n<p>Aujourd\u2019hui, derri\u00e8re les ailes du Moulin, l\u2019appartement d\u00e9cor\u00e9 par Alexandre Trauner et l\u2019architecte Jacques Cou\u00eblle vit toujours, comme depuis 70 ans, gr\u00e2ce \u00e0 sa petite fille, Eug\u00e9nie Bachelot-Pr\u00e9vert, qui entretient ici, avec ferveur, la m\u00e9moire de son grand-p\u00e8re, conservant \u00e0 cet endroit ses archives. Celles-ci se trouvent au bout d\u2019un long couloir qui m\u00e8ne aussi \u00e0 deux pi\u00e8ces particuli\u00e8rement \u00e9mouvantes, le bureau intact de Pr\u00e9vert et la chambre de Mich\u00e8le, sa fille, qui dormait dans le lit d\u2019Esmeralda (et de Gina Lollobrigida) venu tout droit des d\u00e9cors du film <em>Notre Dame de Paris<\/em>.<\/p>\n\n\n\n<p>L\u2019ann\u00e9e 2027, o\u00f9 l\u2019on comm\u00e9morera les 50 ans de sa mort, marquera le point d\u2019orgue du travail d\u2019Eug\u00e9nie sur l\u2019\u0153uvre de Pr\u00e9vert. De nombreux projets sont en pr\u00e9paration et cette d\u00e9cision des propri\u00e9taires du Moulin Rouge est un v\u00e9ritable coup de poignard dans le dos.<\/p>\n\n\n\n<p>Au moment o\u00f9 les Parisiens, et singuli\u00e8rement les habitants de Montmartre, d\u00e9plorent la perte d\u2019authenticit\u00e9 d\u2019un espace public livr\u00e9 au surtourisme, la disparition de l\u2019appartement de Jacques Pr\u00e9vert, comme celui de son voisin de terrasse, Boris Vian, objet du m\u00eame projet, serait proprement incompr\u00e9hensible. Pr\u00e9server ces lieux, c\u2019est prot\u00e9ger un patrimoine vivant, celui d\u2019une po\u00e9sie qui continue d\u2019inspirer les enfants, les enseignants, les artistes. C\u2019est aussi d\u00e9fendre une certaine id\u00e9e de la culture : libre, accessible, ancr\u00e9e dans la ville et dans le c\u0153ur des gens.<\/p>\n\n\n\n<p>Aujourd\u2019hui, cet espace m\u00e9rite plus qu\u2019un souvenir : il m\u00e9rite protection et reconnaissance officielle. Le classement de l\u2019appartement de Jacques Pr\u00e9vert au titre des monuments historiques rel\u00e8ve de l\u2019\u00e9vidence, pleinement justifi\u00e9 par sa valeur patrimoniale intrins\u00e8que et par la force de l\u2019imaginaire qui s\u2019en d\u00e9gage. Ce lieu doit \u00eatre sanctuaris\u00e9 tant il est encore charg\u00e9 de toute la force d\u2019un po\u00e8te populaire et universel, et \u00e0 travers lui d\u2019une \u00e9poque de cr\u00e9ation et de libert\u00e9, un v\u00e9ritable joyau aux \u00e9clats encore vifs du Paris tant aim\u00e9 des visiteurs du Monde entier.<\/p>\n\n\n\n<p>Madame la Ministre, vous aimez Paris, vous connaissez son histoire, vous \u00eates en charge aujourd\u2019hui des artistes et de la culture, peut-\u00eatre demain de cette ville, qui mieux que Pr\u00e9vert est au carrefour de votre action.<\/p>\n\n\n\n<p>S\u2019il vous plait, ne laissez pas s\u2019\u00e9vanouir dans les gravats ce morceau d\u2019Histoire pour un projet aux contours flous.<\/p>\n\n\n\n<p>Nous vous demandons d\u2019engager instamment la proc\u00e9dure de classement de l\u2019appartement de Jacques Pr\u00e9vert, un geste d\u2019une France reconnaissante envers ses po\u00e8tes, ces artisans de lumi\u00e8re dont les mots, autant que les pierres ont b\u00e2ti la l\u00e9gende de Paris.<\/p>\n\n\n\n<p>[Signature \/ Collectif] Cit\u00e9 V\u00e9ron, Paris \u2014 Octobre 2025<\/p>\n\n\n\n<p>Dominique <strong>A <\/strong>(Auteur compositeur interpr\u00e8te)<br>Catherine <strong>All\u00e9gret <\/strong>(Actrice fille de Simone Signoret)<br><strong>Alfred <\/strong>(Auteur de bandes dessin\u00e9es)<br>Keren <strong>An <\/strong>(Auteur compositrice interpr\u00e8te)<br>Ariane <strong>Ascaride<\/strong> Actrice<br>David <strong>Babin (Babx<\/strong>) (Auteur compositeur interpr\u00e8te)<br>Berenice <strong>Bejo<\/strong> Actrice<br>Julien <strong>Berjeaut (Jul<\/strong>) dessinateur de bande dessin\u00e9es<br>St\u00e9phane <strong>Bern<\/strong><br>Julie <strong>Bertuccelli<\/strong> cin\u00e9aste<br>Arno <strong>Bertina <\/strong>\u00c9crivain<br>Robert <strong>Bober<\/strong> R\u00e9alisateur et \u00e9crivain<br>Jacques <strong>Bonnaff\u00e8<\/strong> Acteur et metteur en sc\u00e8ne<br>Gr\u00e9goire <strong>Bouiller<\/strong> \u00c9crivain<br>Genevi\u00e8ve <strong>Brisac <\/strong>\u00c9crivaine<br>Aube <strong>Breton-Ell\u00e9ou\u00ebt<\/strong> (Artiste plasticienne, fille d\u2019Andr\u00e9 Breton)<br><strong>Cali <\/strong>(Auteur compositeur interpr\u00e8te)<br><strong>Camille <\/strong>(Auteur compositrice interpr\u00e8te)<br>Fran\u00e7oise <strong>Canetti <\/strong>(Productrice et \u00c9ditrice de musique, Fille de Jacques Canetti)<br>Jil <strong>Caplan <\/strong>(Chanteuse)<br>Barbara <strong>Cassin <\/strong>(de l\u2019Acad\u00e9mie Fran\u00e7aise)<br>Jean Charles de <strong>Castelbajac <\/strong>(Styliste)<br>Fran\u00e7ois <strong>Chatillon <\/strong>architecte en chef des monuments Historiques<br>Olivier <strong>Chaudenson<\/strong> Directeur de la Maison de la Po\u00e9sie de Paris<br>Matthieu <strong>Chedid <\/strong>(Auteur compositeur interpr\u00e8te et musicien)<br>Jean-loup <strong>Chiflet <\/strong>\u00c9crivain<br>Fran\u00e7ois <strong>Cluzet <\/strong>Acteur<br>Alexandre <strong>Couelle <\/strong>Architecte<br>Teresa <strong>Cremisi <\/strong>\u00c9ditrice<br>G\u00e9rard <strong>Davoust <\/strong>(\u00c9ditorialiste, pr\u00e9sident d\u2019honneur de la SACEM)<br>Eric <strong>Dechassey <\/strong>(directeur des Beaux Arts de Paris)<br>Vincent <strong>Dedienne <\/strong>(Acteur et humoriste)<br>Phillippe <strong>Delerm <\/strong>\u00c9crivain<br>Francine <strong>D\u00e9roudille <\/strong>(Fille de Robert Doisneau)<br>Georges <strong>Didi-Huberman<\/strong> (Philosophe et historien de l\u2019art)<br>Annette <strong>Doisneau <\/strong>(Fille de Robert Doisneau)<br>Sandrine <strong>Dumas <\/strong>r\u00e9alisatrice productrice<br>Jean <strong>Echenoz <\/strong>\u00c9crivain<br>Mathias <strong>Enard <\/strong>\u00c9crivain<br>Dani\u00e8le <strong>Enoch <\/strong>Maillard (\u00c9ditrice de musique)<br>Thomas <strong>Fersen <\/strong>(Auteur compositeur interpr\u00e8te)<br>Sophie <strong>Fontanel <\/strong>Journaliste et \u00e9crivaine<br>Antoine <strong>Gallimard <\/strong>\u00c9diteur<br>H\u00e9l\u00e8ne <strong>Gaudy <\/strong>\u00c9crivaine<br>Costa <strong>Gavras <\/strong>cin\u00e9aste<br>Tony <strong>Gatlif <\/strong>r\u00e9alisateur et sc\u00e9nariste<br>Fabrice <strong>Gobert <\/strong>R\u00e9alisateur et sc\u00e9nariste<br>Jean Paul <strong>Goude <\/strong>Graphiste<br>Sylvie <strong>Gouttebaron <\/strong>\u00c9crivaine<br>Jean <strong>Guidoni<\/strong> Chanteur et parolier<br>Henri <strong>Grimault<\/strong> (Fils de Paul Grimault)<br>Arthur <strong>Higelin <\/strong>(Auteur compositeur interpr\u00e8te et musicien)<br>Yannick <strong>Haenel <\/strong>\u00c9crivain<br>Alexandre <strong>H\u00e9raud<\/strong> Nouvelle narration et communication sonore.<br>Serge <strong>Hureau <\/strong>Directeur du halle de la chanson, centre national du patrimoine de la chanson)<br>Ir\u00e8ne <strong>Jacob <\/strong>Actrice<br>Yves <strong>Jeuland <\/strong>R\u00e9alisateur<br>Jean-Pierre <strong>Jeunet <\/strong>R\u00e9alisateur<br>Maylis de <strong>Kerengal <\/strong>\u00c9crivaine<br>Paul <strong>Kircher <\/strong>Acteur<br>J\u00e9r\u00f4me <strong>Kircher <\/strong>Acteur<br>Samuel <strong>Kircher <\/strong>Acteur<br>Marie-H\u00e9l\u00e8ne <strong>Lafon <\/strong>\u00c9crivaine<br>Jack <strong>Lang<\/strong> (Ancien Ministre de la culture)<br>Denis <strong>Lavant <\/strong>Acteur<br>Mathieu <strong>Larnaudie <\/strong>\u00c9crivain<br>Laurent <strong>Lebon <\/strong>(Pr\u00e9sident du centre Pompidou)<br>Claude <strong>Lemesle <\/strong>Parolier<br>Herv\u00e9 <strong>Le Tellier<\/strong> \u00c9crivain<br><strong>Lio <\/strong>Chanteuse<br>Emily <strong>Loizeau <\/strong>(Auteur compositrice interpr\u00e8te)<br>Sergi <strong>Lopez <\/strong>Acteur<br>Mathias <strong>Malzieu <\/strong>Musicien et chanteur<br>Florent <strong>Marchet <\/strong>(Auteur compositeur interpr\u00e8te et musicien)<br>Fran\u00e7ois <strong>Marthouret <\/strong>Acteur et metteur en sc\u00e8ne<br>J\u00e9rome <strong>Mesnager <\/strong>Peintre<br>Pierre <strong>Michon <\/strong>\u00c9crivain<br>Christiane <strong>Millet <\/strong>(comedienne)<br>Patrick <strong>Modiano <\/strong>\u00c9crivain<br>Florence <strong>Moncorg\u00e9-Gabin<\/strong> (script, Fille de Jean-Gabin)<br>Gr\u00e9gory <strong>Mouloudji <\/strong>(chanteur, fils de Marcel Mouloudji)<br>Yolande <strong>Moreau <\/strong>(Com\u00e9dienne et r\u00e9alisatrice belge)<br>Fran\u00e7ois <strong>Morel <\/strong>Acteur et metteur en sc\u00e8ne<br>Fran\u00e7oise <strong>Nyssen <\/strong>(\u00c9ditrice et Ancienne Ministre de la culture)<br>Cyril <strong>Mokaiesh <\/strong>Chanteur<br>Fred Nevch\u00e9 <strong>Nevchehirlian<\/strong><br>Pascal <strong>Ory <\/strong>(de l\u2019Acad\u00e9mie Fran\u00e7aise)<br>Alfred <strong>Paquement <\/strong>Conservateur de Mus\u00e9e<br>Patrick <strong>Pelloux<\/strong> Medecin<br>Paloma <strong>Picasso <\/strong>(Cr\u00e9atrice de mode et fille de Pablo Picasso)<br>Fr\u00e9deric <strong>Pierrot <\/strong>Acteur<br>Pignon Ernest <strong>Pignon <\/strong>Artiste plasticien<br>Gerard <strong>Pont<\/strong> Producteur<br>J\u00e9r\u00f4me <strong>Prieur <\/strong>\u00c9crivain<br>Claire <strong>Redor <\/strong>Artiste de musique<br>Robin <strong>Renucci <\/strong>Acteur<br>Jean <strong>Rolin <\/strong>\u00c9crivain<br>Olivier <strong>Rolin <\/strong>\u00c9crivain<br>Julie-Amour <strong>Rossini<\/strong> (Petite fille Juliette Gr\u00e9co)<br>Julie-Anne <strong>Roth <\/strong>Actrice<br>Bernard <strong>Ruiz-Picasso<\/strong> (homme d\u2019affaire, petit fils de Picasso)<br>Jean-Fran\u00e7ois <strong>Sivadier <\/strong>Com\u00e9dien et auteur<br>Lydie <strong>Salvayre <\/strong>\u00c9crivaine<br>Patti <strong>Smith <\/strong>Chanteuse, po\u00e8te et peintre<br><strong>Sebastien <\/strong>ing\u00e9nieur du son (Emily Loizeau, Keren-Ann, et autres)<br>Fredrika <strong>Stahl <\/strong>(Autrice-compositrice-interpr\u00e8te)<br>Arthur <strong>Teboul<\/strong> Auteur-compositeur-interpr\u00e8te<br>Fred <strong>Vargas <\/strong>Romanci\u00e8re<br>Jacques <strong>Weber <\/strong>Acteur et directeur<\/p>\n","protected":false},"excerpt":{"rendered":"<p>\u00ab En abandonnant l\u2019appartement de Jacques Pr\u00e9vert, Paris perdrait une partie de son \u00e2me \u00bb Madame la Ministre, L\u2019appartement de Jacques Pr\u00e9vert, lieu de m\u00e9moire unique, miraculeusement conserv\u00e9 depuis 1955 est menac\u00e9 de disparition. Son propri\u00e9taire, le Moulin Rouge, souhaite le r\u00e9cup\u00e9rer pour en faire l\u2019annexe d\u2019une nouvelle sc\u00e8ne consacr\u00e9e \u00e0 Mistinguett. On ne saurait [&hellip;]<\/p>\n","protected":false},"author":3,"featured_media":2667,"comment_status":"open","ping_status":"open","sticky":true,"template":"","format":"standard","meta":{"footnotes":""},"categories":[60],"tags":[16,58],"class_list":["post-2659","post","type-post","status-publish","format-standard","has-post-thumbnail","hentry","category-actualites","tag-jacques-prevert","tag-moulin-rouge","couleurs-red"],"aioseo_notices":[],"_links":{"self":[{"href":"https:\/\/jacquesprevert.fr\/en\/wp-json\/wp\/v2\/posts\/2659","targetHints":{"allow":["GET"]}}],"collection":[{"href":"https:\/\/jacquesprevert.fr\/en\/wp-json\/wp\/v2\/posts"}],"about":[{"href":"https:\/\/jacquesprevert.fr\/en\/wp-json\/wp\/v2\/types\/post"}],"author":[{"embeddable":true,"href":"https:\/\/jacquesprevert.fr\/en\/wp-json\/wp\/v2\/users\/3"}],"replies":[{"embeddable":true,"href":"https:\/\/jacquesprevert.fr\/en\/wp-json\/wp\/v2\/comments?post=2659"}],"version-history":[{"count":7,"href":"https:\/\/jacquesprevert.fr\/en\/wp-json\/wp\/v2\/posts\/2659\/revisions"}],"predecessor-version":[{"id":2704,"href":"https:\/\/jacquesprevert.fr\/en\/wp-json\/wp\/v2\/posts\/2659\/revisions\/2704"}],"wp:featuredmedia":[{"embeddable":true,"href":"https:\/\/jacquesprevert.fr\/en\/wp-json\/wp\/v2\/media\/2667"}],"wp:attachment":[{"href":"https:\/\/jacquesprevert.fr\/en\/wp-json\/wp\/v2\/media?parent=2659"}],"wp:term":[{"taxonomy":"category","embeddable":true,"href":"https:\/\/jacquesprevert.fr\/en\/wp-json\/wp\/v2\/categories?post=2659"},{"taxonomy":"post_tag","embeddable":true,"href":"https:\/\/jacquesprevert.fr\/en\/wp-json\/wp\/v2\/tags?post=2659"}],"curies":[{"name":"wp","href":"https:\/\/api.w.org\/{rel}","templated":true}]}}