{"id":2616,"date":"2025-11-06T11:42:05","date_gmt":"2025-11-06T10:42:05","guid":{"rendered":"https:\/\/jacquesprevert.fr\/?p=2616"},"modified":"2025-11-06T13:01:20","modified_gmt":"2025-11-06T12:01:20","slug":"a-paris-un-conflit-oppose-le-moulin-rouge-et-la-succession-jacques-prevert","status":"publish","type":"post","link":"https:\/\/jacquesprevert.fr\/en\/2025\/11\/06\/a-paris-un-conflit-oppose-le-moulin-rouge-et-la-succession-jacques-prevert\/","title":{"rendered":"L&#8217;antre de Jacques Pr\u00e9vert face \u00e0 l&#8217;app\u00e9tit du Moulin-Rouge"},"content":{"rendered":"\n<p>Lire l&#8217;article du Monde par <a href=\"https:\/\/www.lemonde.fr\/signataires\/roxana-azimi\/\">Roxana Azimi<\/a> publi\u00e9 le 24 octobre 2025 \u00e0 cette adresse : <\/p>\n\n\n\n<p><a href=\"https:\/\/www.lemonde.fr\/culture\/article\/2025\/10\/24\/a-paris-un-conflit-oppose-le-moulin-rouge-et-la-succession-jacques-prevert_6649190_3246.html\">https:\/\/www.lemonde.fr\/culture\/article\/2025\/10\/24\/a-paris-un-conflit-oppose-le-moulin-rouge-et-la-succession-jacques-prevert_6649190_3246.html<\/a><\/p>\n\n\n\n<p>Extrait :  <\/p>\n\n\n\n<p>Le cabaret vient de r\u00e9silier le bail de l\u2019appartement-mus\u00e9e mitoyen du c\u00e9l\u00e8bre po\u00e8te, ouvert jusqu\u2019\u00e0 pr\u00e9sent au public sur rendez-vous.<\/p>\n\n\n\n<p><br>Au 6 bis de l\u2019\u00e9troite cit\u00e9 V\u00e9ron, au bout de cette impasse du 18e arrondissement tapiss\u00e9e de vignes, juste derri\u00e8re les grandes ailes du <strong>Moulin-Rouge<\/strong> battant l\u2019air de Paris, se trouve l\u2019antre discret d\u2019un g\u00e9ant. <\/p>\n\n\n\n<p>Ici, <strong>Jacques Pr\u00e9vert<\/strong> (1900-1977), le po\u00e8te pr\u00e9f\u00e9r\u00e9 des \u00e9coliers, a r\u00eav\u00e9, aim\u00e9, \u00e9crit chansons et sc\u00e9narios, de 1954 \u00e0 sa mort en 1977. Ici, il a re\u00e7u ses amis, les non moins illustres <strong>Gabin<\/strong>, <strong>Picasso<\/strong>, <strong>Calder<\/strong>. Ici, le copain photographe <strong>Robert Doisneau<\/strong> (1912-1994) a immortalis\u00e9 l\u2019\u00e9crivain et dessinateur \u00e0 sa table de travail.<\/p>\n\n\n\n<p>(&#8230;)<\/p>\n\n\n\n<p>En apparence, rien n\u2019a chang\u00e9, et pourtant, une m\u00e9chante lettre a grimp\u00e9 les deux \u00e9tages, transmise par un huissier de justice. Le propri\u00e9taire des lieux, qui se trouve \u00eatre le <strong>Moulin-Rouge<\/strong>, porte un projet patrimonial qui implique de chasser l\u2019esprit de Pr\u00e9vert, ses souvenirs et son parfum d\u2019\u00e9ternit\u00e9. <\/p>\n\n\n\n<p>Fin septembre, le temple du cancan a signifi\u00e9 la fin de son bail \u00e0 sa petite-fille, <strong>Eug\u00e9nie Bachelot Pr\u00e9vert<\/strong>. Le 31 mars 2026, elle devra d\u00e9guerpir, tout comme l\u2019h\u00e9ritier de l\u2019ex-voisin <strong>Boris Vian<\/strong> (1920-1959), dont l\u2019appartement, visitable sur rendez-vous, est rest\u00e9 intact. Le romancier trompettiste habitait le m\u00eame immeuble, juste de l\u2019autre c\u00f4t\u00e9 de la terrasse o\u00f9 les deux amis avaient \u00e9t\u00e9 sacr\u00e9s \u00ab transcendants satrapes \u00bb du coll\u00e8ge de pataphysique, un jour de juin 1953.<\/p>\n\n\n\n<p>(&#8230;)<\/p>\n\n\n\n<p><strong>Eug\u00e9nie Bachelot-Pr\u00e9vert<\/strong> (&#8230;) a tout conserv\u00e9 de l\u2019appartement am\u00e9nag\u00e9 par l\u2019architecte <strong>Jacques Cou\u00eblle<\/strong> (1902-1996), qui ne ressemble \u00e0 aucun autre avec son long couloir de tomettes rouges proven\u00e7ales et ses murs, tout en courbes, blanchis \u00e0 la chaux et creus\u00e9s de niches\u2026 L\u2019esprit de l\u2019architecture m\u00e9diterran\u00e9enne, en plein Paris.<\/p>\n\n\n\n<p>Autour du grand bureau, o\u00f9 <strong>Pr\u00e9vert <\/strong>faisait danser les mots autant que les images, un fatras po\u00e9tique : des objets impertinents, farces et attrapes ou babioles touristiques au kitsch assum\u00e9, pr\u00e9sents d\u2019amis comme le dessinateur <strong>Sin\u00e9 <\/strong>(1928-2016), t\u00e9moignent d\u2019une fantaisie partag\u00e9e. Des bouquets d\u2019\u00e9ph\u00e9m\u00e9rides, que l\u2019auteur des <em>Feuilles mortes<\/em> (1945) distribuait \u00e0 ses amis comme autant de sourires, ornent encore la pi\u00e8ce. Dans la chambre de sa fille, <strong>Mich\u00e8le<\/strong>, tr\u00f4ne le lit cr\u00e9\u00e9 sp\u00e9cialement pour le film<em> Notre-Dame de Paris<\/em> (1956). <\/p>\n\n\n\n<p>Depuis sa disparition, rien n\u2019a boug\u00e9, \u00e0 l\u2019exception de deux tr\u00e9sors mis au coffre en raison de leur grande valeur : le portrait de <strong>Pr\u00e9vert <\/strong>par <strong>Picasso<\/strong>, remplac\u00e9 par un fac-simil\u00e9, et le mobile offert par <strong>Calder<\/strong>. L\u2019appartement, qui abrite aussi les archives de la succession, est m\u00eame ouvert chaque mois, sur rendez-vous, \u00e0 un public de curieux qui s\u2019attendent peut-\u00eatre \u00e0 voir surgir le dialoguiste des <em>Visiteurs du soir<\/em> (1942), cernes en corniche et clope au bec.<\/p>\n\n\n\n<p>(&#8230;)<\/p>\n\n\n\n<p>Epaul\u00e9e par ce sp\u00e9cialiste du patrimoine, <strong>Eug\u00e9nie Bachelot-Pr\u00e9vert<\/strong> a adress\u00e9, mercredi 8 octobre, \u00e0 la <strong>DRAC Ile-de-France<\/strong> une demande de protection de l\u2019appartement au titre de monument historique. \u00ab <em>En th\u00e9orie, le minist\u00e8re de la culture pourrait en vingt-quatre heures signer un arr\u00eat\u00e9 de classement provisoire, ce qui figerait les choses pendant deux ans. Mais faire classer un lieu sans l\u2019aval de son propri\u00e9taire, ce n\u2019est pas \u00e9vident<\/em>, conc\u00e8de <strong>Bertrand Monchecourt<\/strong>. <em>L\u2019id\u00e9e n\u2019est pas d\u2019interdire au<\/em> Moulin Rouge <em>de se d\u00e9velopper, mais de provoquer une prise de conscience<\/em>. \u00bb<\/p>\n\n\n\n<p>(&#8230;)<\/p>\n\n\n\n<p>A d\u00e9faut d\u2019obtenir un classement, <strong>Eug\u00e9nie Bachelot-Pr\u00e9vert<\/strong> r\u00e9fl\u00e9chit \u00e0 des plans B. Y compris une recomposition ailleurs de l\u2019appartement, fa\u00e7on Lascaux II, \u00e0 l\u2019instar de l\u2019<strong>Atelier Brancusi<\/strong> reconstitu\u00e9 au <strong>Centre Pompidou<\/strong>. \u00ab <em>L\u2019appartement de<\/em> Pr\u00e9vert <em>n\u2019est pas une attraction touristique commercialisable<\/em>, objecte n\u00e9anmoins <strong>Bertrand Monchecourt<\/strong>. <em>On n\u2019est pas face \u00e0 un d\u00e9cor, mais devant quelque chose de priv\u00e9, de vrai et d\u2019irrempla\u00e7able<\/em>. \u00bb Responsable des collections au <strong>Mus\u00e9e de Montmartre<\/strong>, \u00e0 Paris, <strong>Alice Leg\u00e9<\/strong> n\u2019y croit pas davantage \u2013 m\u00eame si le bureau du po\u00e8te avait \u00e9t\u00e9 transpos\u00e9, \u00e0 l\u2019hiver 2024, dans ses murs pour l\u2019exposition \u00ab <em>Jacques Pr\u00e9vert, r\u00eaveurs d\u2019images<\/em> \u00bb. \u00ab <em>L\u2019appartement de <\/em>Pr\u00e9vert <em>a tout son sens l\u00e0 o\u00f9 il est<\/em>, insiste-telle. <em>Si on en faisait une reconstitution, on perdrait l\u2019unit\u00e9 patrimoniale et l\u2019authenticit\u00e9 d\u2019un lieu qui<br>d\u00e9gage une \u00e9nergie particuli\u00e8re. On y respire la pr\u00e9sence de tous les po\u00e8tes, cin\u00e9astes, artistes qui y sont<br>pass\u00e9s. Il y a l\u00e0 un double geste, celui de l\u2019architecte, et celui du po\u00e8te<\/em>. \u00bb<\/p>\n\n\n\n<p><a href=\"https:\/\/www.lemonde.fr\/signataires\/roxana-azimi\/\">Roxana Azimi<\/a><br><\/p>\n\n\n\n<figure class=\"wp-block-image size-large\"><a href=\"https:\/\/jacquesprevert.fr\/wp-content\/uploads\/2025\/11\/credit-association-chez-jacques-prevert-bureau-2-001.jpg\"><img loading=\"lazy\" decoding=\"async\" width=\"1024\" height=\"899\" src=\"https:\/\/jacquesprevert.fr\/wp-content\/uploads\/2025\/11\/credit-association-chez-jacques-prevert-bureau-2-001-1024x899.jpg\" alt=\"\" class=\"wp-image-2632\" srcset=\"https:\/\/jacquesprevert.fr\/wp-content\/uploads\/2025\/11\/credit-association-chez-jacques-prevert-bureau-2-001-1024x899.jpg 1024w, https:\/\/jacquesprevert.fr\/wp-content\/uploads\/2025\/11\/credit-association-chez-jacques-prevert-bureau-2-001-300x263.jpg 300w, https:\/\/jacquesprevert.fr\/wp-content\/uploads\/2025\/11\/credit-association-chez-jacques-prevert-bureau-2-001-768x674.jpg 768w, https:\/\/jacquesprevert.fr\/wp-content\/uploads\/2025\/11\/credit-association-chez-jacques-prevert-bureau-2-001-600x527.jpg 600w, https:\/\/jacquesprevert.fr\/wp-content\/uploads\/2025\/11\/credit-association-chez-jacques-prevert-bureau-2-001-650x570.jpg 650w, https:\/\/jacquesprevert.fr\/wp-content\/uploads\/2025\/11\/credit-association-chez-jacques-prevert-bureau-2-001.jpg 1200w\" sizes=\"auto, (max-width: 1024px) 100vw, 1024px\" \/><\/a><figcaption class=\"wp-element-caption\">Le bureau de Jacques Pr\u00e9vert, \u00e0 Paris, en 2011. ASSOCIATION CHEZ JACQUES PR\u00c9VERT<\/figcaption><\/figure>\n\n\n\n<p><\/p>\n","protected":false},"excerpt":{"rendered":"<p>Lire l&#8217;article du Monde par Roxana Azimi publi\u00e9 le 24 octobre 2025 \u00e0 cette adresse : https:\/\/www.lemonde.fr\/culture\/article\/2025\/10\/24\/a-paris-un-conflit-oppose-le-moulin-rouge-et-la-succession-jacques-prevert_6649190_3246.html Extrait : Le cabaret vient de r\u00e9silier le bail de l\u2019appartement-mus\u00e9e mitoyen du c\u00e9l\u00e8bre po\u00e8te, ouvert jusqu\u2019\u00e0 pr\u00e9sent au public sur rendez-vous. Au 6 bis de l\u2019\u00e9troite cit\u00e9 V\u00e9ron, au bout de cette impasse du 18e arrondissement tapiss\u00e9e [&hellip;]<\/p>\n","protected":false},"author":3,"featured_media":2617,"comment_status":"open","ping_status":"open","sticky":true,"template":"","format":"standard","meta":{"footnotes":""},"categories":[60],"tags":[16,58],"class_list":["post-2616","post","type-post","status-publish","format-standard","has-post-thumbnail","hentry","category-actualites","tag-jacques-prevert","tag-moulin-rouge","couleurs-red"],"aioseo_notices":[],"_links":{"self":[{"href":"https:\/\/jacquesprevert.fr\/en\/wp-json\/wp\/v2\/posts\/2616","targetHints":{"allow":["GET"]}}],"collection":[{"href":"https:\/\/jacquesprevert.fr\/en\/wp-json\/wp\/v2\/posts"}],"about":[{"href":"https:\/\/jacquesprevert.fr\/en\/wp-json\/wp\/v2\/types\/post"}],"author":[{"embeddable":true,"href":"https:\/\/jacquesprevert.fr\/en\/wp-json\/wp\/v2\/users\/3"}],"replies":[{"embeddable":true,"href":"https:\/\/jacquesprevert.fr\/en\/wp-json\/wp\/v2\/comments?post=2616"}],"version-history":[{"count":9,"href":"https:\/\/jacquesprevert.fr\/en\/wp-json\/wp\/v2\/posts\/2616\/revisions"}],"predecessor-version":[{"id":2646,"href":"https:\/\/jacquesprevert.fr\/en\/wp-json\/wp\/v2\/posts\/2616\/revisions\/2646"}],"wp:featuredmedia":[{"embeddable":true,"href":"https:\/\/jacquesprevert.fr\/en\/wp-json\/wp\/v2\/media\/2617"}],"wp:attachment":[{"href":"https:\/\/jacquesprevert.fr\/en\/wp-json\/wp\/v2\/media?parent=2616"}],"wp:term":[{"taxonomy":"category","embeddable":true,"href":"https:\/\/jacquesprevert.fr\/en\/wp-json\/wp\/v2\/categories?post=2616"},{"taxonomy":"post_tag","embeddable":true,"href":"https:\/\/jacquesprevert.fr\/en\/wp-json\/wp\/v2\/tags?post=2616"}],"curies":[{"name":"wp","href":"https:\/\/api.w.org\/{rel}","templated":true}]}}