{"id":2248,"date":"2017-02-01T16:13:51","date_gmt":"2017-02-01T15:13:51","guid":{"rendered":"https:\/\/jacquesprevert.fr\/?p=2248"},"modified":"2020-01-16T18:37:20","modified_gmt":"2020-01-16T17:37:20","slug":"anniversaire-jacques-prevert-1900-1977-evenements","status":"publish","type":"post","link":"https:\/\/jacquesprevert.fr\/en\/2017\/02\/01\/anniversaire-jacques-prevert-1900-1977-evenements\/","title":{"rendered":"(Fran\u00e7ais) Anniversaire Jacques Pr\u00e9vert (1900-1977) : \u00e9v\u00e9nements"},"content":{"rendered":"<p><\/p>\n<p class=\"eye\" style=\"text-align: center;\"><strong>En partenariat avec Fatras\/Succession Jacques Pr\u00e9vert :<\/strong><\/p>\n<h6 style=\"text-align: center;\">(retrouvez-nous \u00e9galement sur <a href=\"https:\/\/www.facebook.com\/Fatras-Succession-Jacques-Pr\u00e9vert-114364798737360\/\" target=\"_blank\" rel=\"noopener noreferrer\">Facebook<\/a>)<\/h6>\n<p style=\"text-align: center;\"><span style=\"color: #ba2929;\"><strong><u>Toutes les nouveaut\u00e9s :<\/u><\/strong><\/span><\/p>\n<p><a href=\"https:\/\/jacquesprevert.fr\/wp-content\/uploads\/2016\/09\/Pr\u00e9vert-Canetti-1-e1476345296155.jpg\"><img loading=\"lazy\" decoding=\"async\" class=\"alignleft size-medium wp-image-2283\" src=\"https:\/\/jacquesprevert.fr\/wp-content\/uploads\/2016\/09\/Pr\u00e9vert-Canetti-1-167x300.jpg\" alt=\"\" width=\"167\" height=\"300\" \/><\/a><\/p>\n<p><strong><span style=\"color: #000000;\">Jacques Pr\u00e9vert<\/span><\/strong><\/p>\n<p><span style=\"color: #ba2929;\"><strong><em>Ces chansons qui nous ressemblent<\/em><\/strong><\/span><\/p>\n<p><strong>Editions Jacques Canetti<\/strong><\/p>\n<p>Coffret Collector 3 CD : 70 chansons et po\u00e8mes + 1 livret de 16 pages.\u00a035 grands interpr\u00e8tes dont 5 interpr\u00e8tes majeurs am\u00e9ricains<\/p>\n<p>Sortie le 1er octobre 2016<\/p>\n<p>Ce coffret Jacques Pr\u00e9vert rassemble tous ses plus grands interpr\u00e8tes d\u2019hier et d\u2019aujourd\u2019hui : de Yves Montand \u00e0 Iggy Pop, de Edith Piaf \u00e0 Jeanne Moreau, en passant par Bob Dylan, Arthur H, Claude Nougaro, Serge Reggiani, Juliette Gr\u00e9co, Mouloudji, Catherine Ribeiro, Tony Bennett, Eva Cassidy, Charlotte Rampling, Les Fr\u00e8res Jacques, Marlene Dietrich, Catherine Sauvage, Annie Girardot&#8230; et beaucoup d\u2019autres.<\/p>\n<p><a href=\"https:\/\/jacquesprevert.fr\/wp-content\/uploads\/2016\/09\/Pr\u00e9vert_Paris-Pr\u00e9vert-1-e1476346637922.jpg\"><img loading=\"lazy\" decoding=\"async\" class=\"alignleft size-full wp-image-2288\" src=\"https:\/\/jacquesprevert.fr\/wp-content\/uploads\/2016\/09\/Pr\u00e9vert_Paris-Pr\u00e9vert-1-e1476346637922.jpg\" alt=\"\" width=\"300\" height=\"389\" \/><\/a><\/p>\n<p><strong>Dani\u00e8le Gasiglia-Laster<\/strong><\/p>\n<p><span style=\"color: #ba2929;\"><strong><em>Paris Pr\u00e9vert<\/em><\/strong><\/span><\/p>\n<p><strong>Albums Beaux Livres &#8211; Editions Gallimard<\/strong><\/p>\n<p>Sortie le 20 octobre 2016<\/p>\n<p>R\u00e9alis\u00e9 en partenariat avec Fatras\/Succession Jacques Pr\u00e9vert, ce livre est richement illustr\u00e9 de documents d\u2019archives, de photographies et d\u2019extraits de textes.<\/p>\n<p>L\u2019oeuvre de Jacques Pr\u00e9vert (1900-1977) est intimement li\u00e9e \u00e0 la ville de Paris. D\u00e8s son plus jeune \u00e2ge, le po\u00e8te parcourt les rues du 6e arrondissement et joue dans le jardin du Luxembourg jusqu\u2019\u00e0 ce que se ferment les grilles. Il accompagne son p\u00e8re dans les coulisses des th\u00e9\u00e2tres, fr\u00e9quente les caf\u00e9s de Montparnasse et de Saint-Germain-des-Pr\u00e9s. Mais ses errances dans Paris font aussi na\u00eetre en lui une r\u00e9volte et un engagement sinc\u00e8re contre la mis\u00e8re.<\/p>\n<p>Le chemin de Pr\u00e9vert croise celui des plus grands artistes du XXe si\u00e8cle : Pablo Picasso, Alberto Giacometti, Robert Desnos, Andr\u00e9 Breton ou encore Robert Doisneau. De ses \u00e9crits \u00e0 ses collages en passant par ses travaux de sc\u00e9nariste, Paris nourrit son imaginaire pour devenir l\u2019un des personnages principaux de son oeuvre. Po\u00e8te engag\u00e9, artiste fac\u00e9tieux, ce parisien nous guide, au fil de sa vie, dans la ville lumi\u00e8re.<\/p>\n<p><a href=\"https:\/\/jacquesprevert.fr\/wp-content\/uploads\/2016\/09\/Pr\u00e9vert-Simple-comme-bonjour.jpg\"><img loading=\"lazy\" decoding=\"async\" class=\"alignleft size-medium wp-image-2282\" src=\"https:\/\/jacquesprevert.fr\/wp-content\/uploads\/2016\/09\/Pr\u00e9vert-Simple-comme-bonjour-261x300.jpg\" alt=\"\" width=\"261\" height=\"300\" srcset=\"https:\/\/jacquesprevert.fr\/wp-content\/uploads\/2016\/09\/Pr\u00e9vert-Simple-comme-bonjour-261x300.jpg 261w, https:\/\/jacquesprevert.fr\/wp-content\/uploads\/2016\/09\/Pr\u00e9vert-Simple-comme-bonjour-600x689.jpg 600w, https:\/\/jacquesprevert.fr\/wp-content\/uploads\/2016\/09\/Pr\u00e9vert-Simple-comme-bonjour-650x747.jpg 650w, https:\/\/jacquesprevert.fr\/wp-content\/uploads\/2016\/09\/Pr\u00e9vert-Simple-comme-bonjour.jpg 684w\" sizes=\"auto, (max-width: 261px) 100vw, 261px\" \/><\/a><\/p>\n<p><strong>Domitille et Amaury chantent Jacques Pr\u00e9vert<\/strong><\/p>\n<p><strong><span style=\"color: #ba2929;\"><em>Simple comme bonjour<\/em><\/span><\/strong><\/p>\n<p><strong>Livre-Disque &#8211; Editions Gallimard Jeunesse<\/strong><\/p>\n<p>Illustrations S\u00e9verin Millet. Arrangements Marc Demais.\u00a0\u00c0 partir de 6 ans<\/p>\n<p>Sortie le 13 octobre 2016<\/p>\n<p>Avec des chansons in\u00e9dites et des grands classiques, Domitille et Amaury mettent \u00e0 l\u2019honneur la po\u00e9sie sensible de Jacques Pr\u00e9vert. Des arrangements \u00e9l\u00e9gants et modernes et pour la premi\u00e8re fois 5 compositions originales de po\u00e8mes de Pr\u00e9vert encore jamais mis en musique !<\/p>\n<h5><a href=\"http:\/\/www.gallimard.fr\/Catalogue\/GALLIMARD-JEUNESSE\/Gallimard-Jeunesse-Musique\/Hors-Serie-Musique\/Simple-comme-bonjour\" target=\"_blank\" rel=\"noopener noreferrer\"><strong><span style=\"color: #000000;\">Extrait<\/span><\/strong><\/a><\/h5>\n<p><a href=\"https:\/\/jacquesprevert.fr\/wp-content\/uploads\/2016\/09\/Pr\u00e9vert-Embrasse-moi-e1478515196820.jpg\"><img loading=\"lazy\" decoding=\"async\" class=\"alignleft size-medium wp-image-2281\" src=\"https:\/\/jacquesprevert.fr\/wp-content\/uploads\/2016\/09\/Pr\u00e9vert-Embrasse-moi-300x296.jpg\" alt=\"\" width=\"300\" height=\"296\" \/><\/a><\/p>\n<p><strong>Jacques Pr\u00e9vert (textes), Ronan Badel (illustrations)<\/strong><\/p>\n<p><span style=\"color: #ba2929;\"><em><strong>Embrasse-moi<\/strong><\/em><\/span><\/p>\n<p><strong>Editions Gallimard Jeunesse<\/strong><\/p>\n<p>Sortie le 4 novembre 2016<\/p>\n<p>S\u00e9lection de po\u00e8mes c\u00e9l\u00e8bres ou m\u00e9connus de Jacques Pr\u00e9vert, illustr\u00e9s par Ronan Badel, sur le th\u00e8me de l\u2019amour.<\/p>\n<h5><span style=\"color: #000000;\"><a style=\"color: #000000;\" href=\"https:\/\/flipbook.cantook.net\/?d=%2F%2Fwww.edenlivres.fr%2Fflipbook%2Fpublications%2F239738.js&amp;oid=41&amp;c=&amp;m=&amp;l=&amp;r=&amp;f=pdf\" target=\"_blank\" rel=\"noopener noreferrer\">Extrait<\/a><\/span><\/h5>\n<p><a href=\"https:\/\/jacquesprevert.fr\/wp-content\/uploads\/2016\/09\/Pr\u00e9vert_Contes-pour.jpg\"><img loading=\"lazy\" decoding=\"async\" class=\"alignleft size-medium wp-image-2269\" src=\"https:\/\/jacquesprevert.fr\/wp-content\/uploads\/2016\/09\/Pr\u00e9vert_Contes-pour-243x300.jpg\" alt=\"\" width=\"243\" height=\"300\" srcset=\"https:\/\/jacquesprevert.fr\/wp-content\/uploads\/2016\/09\/Pr\u00e9vert_Contes-pour-243x300.jpg 243w, https:\/\/jacquesprevert.fr\/wp-content\/uploads\/2016\/09\/Pr\u00e9vert_Contes-pour-600x740.jpg 600w, https:\/\/jacquesprevert.fr\/wp-content\/uploads\/2016\/09\/Pr\u00e9vert_Contes-pour-650x802.jpg 650w, https:\/\/jacquesprevert.fr\/wp-content\/uploads\/2016\/09\/Pr\u00e9vert_Contes-pour.jpg 718w\" sizes=\"auto, (max-width: 243px) 100vw, 243px\" \/><\/a><\/p>\n<p><strong>Jacques Pr\u00e9vert (textes), Laurent Moreau (illustrations)<\/strong><\/p>\n<p><span style=\"color: #ba2929;\"><em><strong>Contes pour enfants pas sages<\/strong><\/em><\/span><\/p>\n<p><strong>Editions Gallimard Jeunesse<\/strong><\/p>\n<p>\u00c0 partir de 8 ans.<\/p>\n<p>Sortie le 4 novembre 2016<\/p>\n<p>S\u00e9lection de huit contes pas sages du tout pour les enfants qui aiment la fantaisie, illustr\u00e9s par Laurent Moreau.<\/p>\n<p><a href=\"https:\/\/jacquesprevert.fr\/wp-content\/uploads\/2016\/11\/LOp\u00e9ra-de-la-lune-72.jpg\"><img loading=\"lazy\" decoding=\"async\" class=\"alignleft size-medium wp-image-2411\" src=\"https:\/\/jacquesprevert.fr\/wp-content\/uploads\/2016\/11\/LOp\u00e9ra-de-la-lune-72-207x300.jpg\" alt=\"\" width=\"207\" height=\"300\" srcset=\"https:\/\/jacquesprevert.fr\/wp-content\/uploads\/2016\/11\/LOp\u00e9ra-de-la-lune-72-207x300.jpg 207w, https:\/\/jacquesprevert.fr\/wp-content\/uploads\/2016\/11\/LOp\u00e9ra-de-la-lune-72.jpg 293w\" sizes=\"auto, (max-width: 207px) 100vw, 207px\" \/><\/a><\/p>\n<p><strong>Jacques Pr\u00e9vert (textes), Jacqueline Duh\u00eame (illustrations)<\/strong><\/p>\n<p><span style=\"color: #ba2929;\"><em><strong>L\u2019Op\u00e9ra de la lune<\/strong><\/em><\/span><\/p>\n<p><strong>Editions Gallimard Jeunesse<\/strong><\/p>\n<p>\u00c0 partir de 6 ans<\/p>\n<p>Sortie le 4 novembre 2016<\/p>\n<p>Un classique insolent et magique \u00e0 red\u00e9couvrir \u00e0 travers un fac-simil\u00e9 de la premi\u00e8re \u00e9dition de 1953, les illustrations d\u2019origine de Jacqueline Duh\u00eame, et une partition de Christiane Verger.<\/p>\n<p><a style=\"line-height: 1.5;\" href=\"https:\/\/jacquesprevert.fr\/wp-content\/uploads\/2016\/11\/Logo-Institut-Fran\u00e7ais-2.jpg\"><img loading=\"lazy\" decoding=\"async\" class=\"size-medium wp-image-2447 alignleft\" src=\"https:\/\/jacquesprevert.fr\/wp-content\/uploads\/2016\/11\/Logo-Institut-Fran\u00e7ais-2-300x143.jpg\" alt=\"\" width=\"300\" height=\"143\" srcset=\"https:\/\/jacquesprevert.fr\/wp-content\/uploads\/2016\/11\/Logo-Institut-Fran\u00e7ais-2-300x143.jpg 300w, https:\/\/jacquesprevert.fr\/wp-content\/uploads\/2016\/11\/Logo-Institut-Fran\u00e7ais-2.jpg 597w\" sizes=\"auto, (max-width: 300px) 100vw, 300px\" \/><\/a><\/p>\n<p><span style=\"color: #bf3232;\"><strong><em><span style=\"color: #bf3232;\"><a style=\"color: #bf3232;\" href=\"http:\/\/www.institutfrancais.com\/fr\/actualites\/linstitut-francais-commemore-le-40e-anniversaire-de-la-mort-de-prevert\">L\u2019Institut fran\u00e7ais<\/a> <\/span>met \u00e0 l\u2019honneur Jacques Pr<span style=\"color: #bf3232;\">\u00e9vert<\/span><\/em><\/strong><\/span><\/p>\n<p><span style=\"color: #000000;\"><strong>R\u00e9seau culturel fran\u00e7ais \u00e0 l\u2019\u00e9tranger<\/strong><\/span><\/p>\n<p>Tout au long de l\u2019ann\u00e9e 2017, l\u2019Institut fran\u00e7ais et Fatras collaborent pour mettre \u00e0 disposition du r\u00e9seau culturel fran\u00e7ais \u00e0 l\u2019\u00e9tranger les ressources permettant de mettre en valeur les oeuvres de Jacques Pr\u00e9vert.<\/p>\n<p><strong>Exposition <\/strong>: Con\u00e7ue par Fatras\/Succession Jacques Pr\u00e9vert, l&#8217;exposition itin\u00e9rante <em>Les collages de Jacques Pr\u00e9vert<\/em>\u00a0r\u00e9v\u00e8le au public un aspect encore peu connu de l\u2019artiste \u00e0 travers une vingtaine de collages issus de la Collection priv\u00e9e Jacques Pr\u00e9vert et de la Biblioth\u00e8que nationale de France. Elle est accompagn\u00e9e d\u2019un livret-jeux permettant au jeune public de d\u00e9couvrir et comprendre de fa\u00e7on ludique les \u00ab\u00a0secrets de collages\u00a0\u00bb de Jacques Pr\u00e9vert.<\/p>\n<p><strong>Cin\u00e9ma\u00a0<\/strong>: L\u2019Institut fran\u00e7ais met \u00e0 disposition du r\u00e9seau, sur IFcin\u00e9ma, deux grands films classiques restaur\u00e9s, <em>Les Enfants du Paradis\u00a0<\/em>de Marcel Carn\u00e9 et <em>Le Roi et l\u2019oiseau<\/em> de Paul Grimault ainsi qu\u2019une s\u00e9rie de 13 po\u00e8mes en animation <em>En sortant de l\u2019\u00e9cole \u2013 Pr\u00e9vert<\/em>.<\/p>\n<p><strong>Chanson\u00a0: <\/strong>Si l\u2019on pense \u00e0 Pr\u00e9vert, on pense \u00e0&#8230; la chanson de Pr\u00e9vert. Deux spectacles musicaux sont propos\u00e9s au r\u00e9seau culturel fran\u00e7ais \u00e0 l\u2019\u00e9tranger\u00a0:\u00a0Domitille et Amaury avec le spectacle <em>Simple comme bonjour<\/em> ;\u00a0<em>Pr\u00e9vert sur parole (par les Bourlingueurs)<\/em> par la Hall de la chanson.<\/p>\n<p><strong>Web-s\u00e9rie\u00a0:<\/strong> \u00c0 partir d\u2019avril, une web s\u00e9rie con\u00e7ue\u00a0par la soci\u00e9t\u00e9 Narrative sera disponible en ligne.<\/p>\n<p>Le r\u00e9seau culturel fran\u00e7ais \u00e0 l\u2019\u00e9tranger d\u00e9veloppera des programmations sp\u00e9ciales autour de Jacques Pr\u00e9vert\u00a0et de son actualit\u00e9 \u00e9ditoriale durant l\u2019ann\u00e9e 2017 :\u00a0du Br\u00e9sil \u00e0 Ta\u00efwan, de la Tunisie \u00e0 l\u2019Estonie, en passant par la Russie, la Mauritanie et bien d\u2019autres encore&#8230;<\/p>\n<p style=\"text-align: left;\"><a href=\"https:\/\/jacquesprevert.fr\/wp-content\/uploads\/2016\/11\/AFFICHE_Pr\u00e9vert.Images-web.jpg\"><img loading=\"lazy\" decoding=\"async\" class=\" wp-image-2448\" src=\"https:\/\/jacquesprevert.fr\/wp-content\/uploads\/2016\/11\/AFFICHE_Pr\u00e9vert.Images-web-210x300.jpg\" alt=\"\" width=\"241\" height=\"344\" srcset=\"https:\/\/jacquesprevert.fr\/wp-content\/uploads\/2016\/11\/AFFICHE_Pr\u00e9vert.Images-web-210x300.jpg 210w, https:\/\/jacquesprevert.fr\/wp-content\/uploads\/2016\/11\/AFFICHE_Pr\u00e9vert.Images-web.jpg 496w\" sizes=\"auto, (max-width: 241px) 100vw, 241px\" \/><\/a><\/p>\n<p><strong><span style=\"color: #000000;\">Exposition<\/span><\/strong><\/p>\n<p><strong><em><span style=\"color: #ba2929;\">Jacques Pr\u00e9vert <\/span><\/em><span style=\"color: #ba2929;\">\/<\/span><em><span style=\"color: #ba2929;\"> Images<\/span><\/em><\/strong><\/p>\n<p><span style=\"color: #000000;\"><strong style=\"color: #000000;\"><a style=\"color: #000000;\" href=\"http:\/\/www.fondation-janmichalski.com\/exposition\/exposition-jacques-prevert-collages\/\">Fondation Jan Michalski pour l&#8217;\u00e9criture et la litt\u00e9rature<\/a>\u00a0\u00e0\u00a0Montricher (Suisse)<\/strong><\/span><\/p>\n<p>du 17 f\u00e9vrier au 30 avril 2017<\/p>\n<p>En partenariat avec Fatras\/Succession Jacques Pr\u00e9vert et Marie-Ange Charpentier, la Fondation Jan Michalski pour l\u2019\u00e9criture et la litt\u00e9rature propose de rendre hommage \u00e0 Jacques Pr\u00e9vert \u00e0 travers une exposition r\u00e9v\u00e9lant un aspect peu connu de son \u0153uvre, \u00e0 savoir ses collages et dessins (manuscrits illustr\u00e9s, planches de sc\u00e9narios dessin\u00e9es, \u00e9ph\u00e9m\u00e9rides&#8230;).<\/p>\n<p>Commissariat\u00a0Eug\u00e9nie Bachelot Pr\u00e9vert, avec Solange Piatek &#8211; Fatras\/Succession Jacques Pr\u00e9vert.<\/p>\n<p>Autour de l\u2019exposition\u00a0:<\/p>\n<ul>\n<li>11 mars, 1er avril et 30\u00a0avril : visites comment\u00e9es de l&#8217;exposition par Solange Piatek<\/li>\n<li>22 mars : atelier de po\u00e9sie en famille\u00a0en compagnie de J\u00e9r\u00e9my Berthoud, Roxane Bischof, Valentine Michel, \u00e9tudiants en Lettres \u00e0 l\u2019Universit\u00e9 de Lausanne<\/li>\n<li>24 mars : projection des <em>Amants de V\u00e9rone<\/em> avec lecture critique du film, en s\u2019arr\u00eatant sur\u00a0l\u2019apport po\u00e9tique de Pr\u00e9vert, par\u00a0Laurent Le Forestier, professeur ordinaire \u00e0 la Section d\u2019histoire et esth\u00e9tique du cin\u00e9ma de l\u2019Universit\u00e9 de Lausanne<\/li>\n<li>5 avril : atelier\u00a0<em>Des ciseaux, de la colle et de l\u2019imagination<\/em><\/li>\n<li>30 avril : Pi\u00e8ce de th\u00e9\u00e2tre\u00a0Les\u00a0Enfants du paradis\u00a0par la compagnie Philippe Person<\/li>\n<\/ul>\n<h5><strong><a style=\"color: #333333;\" href=\"http:\/\/www.fondation-janmichalski.com\/exposition\/exposition-jacques-prevert-collages\/\">Plus de renseignements<\/a><\/strong><\/h5>\n<p><a href=\"https:\/\/jacquesprevert.fr\/wp-content\/uploads\/2016\/11\/coffret-vinyle.jpg\"><img loading=\"lazy\" decoding=\"async\" class=\"size-medium wp-image-2451 alignleft\" src=\"https:\/\/jacquesprevert.fr\/wp-content\/uploads\/2016\/11\/coffret-vinyle-300x296.jpg\" alt=\"\" width=\"300\" height=\"296\" srcset=\"https:\/\/jacquesprevert.fr\/wp-content\/uploads\/2016\/11\/coffret-vinyle-300x296.jpg 300w, https:\/\/jacquesprevert.fr\/wp-content\/uploads\/2016\/11\/coffret-vinyle.jpg 574w\" sizes=\"auto, (max-width: 300px) 100vw, 300px\" \/><\/a><\/p>\n<h6><\/h6>\n<p><u><\/u><strong>Jacques Pr\u00e9vert<\/strong><\/p>\n<p><span style=\"color: #ba2929;\"><strong><em>C<\/em><\/strong><strong><em>hansons &amp; Po\u00e8mes<\/em><\/strong><\/span><\/p>\n<p><strong>Editions Jacques Canetti<\/strong><\/p>\n<p>Coffret Collector 2 vinyles + 2 CD\u00a0: 37 chansons et po\u00e8mes<\/p>\n<p>Sortie le 24 f\u00e9vrier 2017<\/p>\n<p>Regroupant deux vinyles et deux CD, ce nouveau coffret Jacques Pr\u00e9vert\u00a0rassemble tous ses plus grands interpr\u00e8tes d\u2019hier et d\u2019aujourd\u2019hui :\u00a0de Yves Montand \u00e0 Iggy Pop, de Edith Piaf \u00e0 Jeanne Moreau, en passant par Bob Dylan, Arthur H, Claude Nougaro, Serge Reggiani, Juliette Gr\u00e9co, Mouloudji, Catherine\u00a0Ribeiro, Eva Cassidy, Charlotte Rampling, Les Fr\u00e8res Jacques, Catherine Sauvage, Richard Borhinger&#8230; et beaucoup d\u2019autres !<\/p>\n<p><a href=\"https:\/\/jacquesprevert.fr\/wp-content\/uploads\/2016\/11\/logo_pdp.png\"><img loading=\"lazy\" decoding=\"async\" class=\"size-full wp-image-2480 alignleft\" src=\"https:\/\/jacquesprevert.fr\/wp-content\/uploads\/2016\/11\/logo_pdp.png\" alt=\"\" width=\"105\" height=\"103\" \/><\/a><\/p>\n<p><span style=\"color: #ba2929;\"><strong><em>Anniversaire Jacques Pr\u00e9vert<\/em><\/strong><\/span><\/p>\n<p><strong>Le\u00a0Printemps des Po\u00e8tes<\/strong><\/p>\n<p>du 4 au 19 mars 2017<\/p>\n<p>Le 19e Printemps des Po\u00e8tes s\u2019associe \u00e0 l\u2019anniversaire hommage Jacques Pr\u00e9vert (1900-1977).<\/p>\n<p style=\"text-align: left;\"><a href=\"https:\/\/jacquesprevert.fr\/wp-content\/uploads\/2016\/11\/coffret-telerama-1.jpg\"><img loading=\"lazy\" decoding=\"async\" class=\"size-medium wp-image-2450\" src=\"https:\/\/jacquesprevert.fr\/wp-content\/uploads\/2016\/11\/coffret-telerama-1-260x300.jpg\" alt=\"\" width=\"260\" height=\"300\" srcset=\"https:\/\/jacquesprevert.fr\/wp-content\/uploads\/2016\/11\/coffret-telerama-1-260x300.jpg 260w, https:\/\/jacquesprevert.fr\/wp-content\/uploads\/2016\/11\/coffret-telerama-1.jpg 522w\" sizes=\"auto, (max-width: 260px) 100vw, 260px\" \/><\/a><\/p>\n<p><span style=\"color: #ba2929;\"><strong><em>Coffret<\/em><\/strong><strong><em> Jacques Pr\u00e9vert<\/em><\/strong><\/span><\/p>\n<p><strong>T\u00e9l\u00e9rama<\/strong><strong> &#8211; <\/strong><strong>Editions Gallimard Jeunesse<\/strong><\/p>\n<p>Sortie le 9 mars 2017<\/p>\n<p>Coffret rassemblant six titres de la collection \u00ab Enfance en po\u00e9sie \u00bb, les classiques jeunesse de Jacques Pr\u00e9vert. Illustr\u00e9s par Jacqueline Duh\u00eame et Henri Galeron.<\/p>\n<p><a href=\"https:\/\/jacquesprevert.fr\/wp-content\/uploads\/2016\/09\/Pr\u00e9vert_Sc\u00e9narios.jpg\"><img loading=\"lazy\" decoding=\"async\" class=\"alignleft size-medium wp-image-2279\" src=\"https:\/\/jacquesprevert.fr\/wp-content\/uploads\/2016\/09\/Pr\u00e9vert_Sc\u00e9narios-183x300.jpg\" alt=\"Jacques Pr\u00e9vert Cin\u00e9ma. Sc\u00e9narios in\u00e9dits (titre provisoire) Collection Folio \u2013 Editions Gallimard\" width=\"183\" height=\"300\" srcset=\"https:\/\/jacquesprevert.fr\/wp-content\/uploads\/2016\/09\/Pr\u00e9vert_Sc\u00e9narios-183x300.jpg 183w, https:\/\/jacquesprevert.fr\/wp-content\/uploads\/2016\/09\/Pr\u00e9vert_Sc\u00e9narios.jpg 538w\" sizes=\"auto, (max-width: 183px) 100vw, 183px\" \/><\/a><\/p>\n<p><strong>Jacques Pr\u00e9vert<\/strong><\/p>\n<p><span style=\"color: #ba2929;\"><strong><em>Cin\u00e9ma. Sc\u00e9narios in\u00e9dits\u00a0<\/em><\/strong><\/span><\/p>\n<p><span style=\"color: #000000;\"><a style=\"color: #000000;\" href=\"http:\/\/www.gallimard.fr\/Catalogue\/GALLIMARD\/Folio\/Folio\/Cinema\"><strong>Collection Folio \u2013 Editions Gallimard<\/strong><\/a><\/span><\/p>\n<p>Pr\u00e9face de N.T. Binh, commentaires de Carole Aurouet<\/p>\n<p>Sortie le 9 mars 2017<\/p>\n<p>L\u2019ouvrage rassemble trois sc\u00e9narios in\u00e9dits de films non tourn\u00e9s de Jacques Pr\u00e9vert\u00a0: <em>Le Grand Matinal, La Lanterne magique<\/em> et <em>Au diable vert<\/em>.<\/p>\n<h5><span style=\"color: #000000;\"><a style=\"color: #000000;\" href=\"https:\/\/flipbook.cantook.net\/?d=%2F%2Fwww.edenlivres.fr%2Fflipbook%2Fpublications%2F253667.js&amp;oid=3&amp;c=&amp;m=&amp;l=&amp;r=&amp;f=pdf\" target=\"_blank\" rel=\"noopener noreferrer\">Extrait<\/a><\/span><\/h5>\n<p style=\"text-align: left;\"><a href=\"https:\/\/jacquesprevert.fr\/wp-content\/uploads\/2016\/11\/C1C4-cahier-de-coloriage-Prevert-2.jpg\"><img loading=\"lazy\" decoding=\"async\" class=\"size-medium wp-image-2452 alignleft\" src=\"https:\/\/jacquesprevert.fr\/wp-content\/uploads\/2016\/11\/C1C4-cahier-de-coloriage-Prevert-2-200x300.jpg\" alt=\"\" width=\"200\" height=\"300\" srcset=\"https:\/\/jacquesprevert.fr\/wp-content\/uploads\/2016\/11\/C1C4-cahier-de-coloriage-Prevert-2-200x300.jpg 200w, https:\/\/jacquesprevert.fr\/wp-content\/uploads\/2016\/11\/C1C4-cahier-de-coloriage-Prevert-2.jpg 591w\" sizes=\"auto, (max-width: 200px) 100vw, 200px\" \/><\/a><\/p>\n<p><span style=\"color: #ba2929;\"><strong><em>Cahier de collage et de coloriage Jacques Pr\u00e9vert<\/em><\/strong><\/span><\/p>\n<p><span style=\"color: #000000;\"><a style=\"color: #000000;\" href=\"http:\/\/www.ptitglenat.com\/livre\/cahier-de-collage-et-de-coloriage-jacques-prevert-9782344019429.htm\"><strong>Editions p\u2019titGl\u00e9nat<\/strong><\/a><\/span><\/p>\n<p>\u00c0 partir de 7 ans<\/p>\n<p>Sortie le 15 mars 2017<\/p>\n<p>\u00ab Celui qui regarde un tableau comme celui qui lit un livre en est toujours un peu l\u2019auteur ou tout au moins le collaborateur.\u00a0\u00bb<em> Jacques Pr\u00e9vert<\/em><\/p>\n<p>Retrouvez dans ce cahier grand format un magnifique panorama des cr\u00e9ations de Jacques Pr\u00e9vert : photographies, collages, dessins, graffitis, anagrammes, jeux de mots\u2026<\/p>\n<p>Les enfants\u2026 et les parents pourront s\u2019amuser \u00e0 compl\u00e9ter, sublimer ou encore cr\u00e9er leurs propres \u0153uvres, tout en s\u2019inspirant de l\u2019univers de Jacques Pr\u00e9vert.<\/p>\n<h5><a href=\"http:\/\/www.ptitglenat.com\/livre\/livre\/cahier-de-collage-et-de-coloriage-jacques-prevert-9782344019429.htm?keepThis=true&amp;TB_iframe=true&amp;height=620&amp;width=799#page\/1\/mode\/2up\" target=\"_blank\" rel=\"noopener noreferrer\"><span style=\"color: #000000;\"><strong>Extrait<\/strong><\/span><\/a><\/h5>\n<p><a href=\"https:\/\/jacquesprevert.fr\/wp-content\/uploads\/2016\/11\/digipack-INA_PREVERT.jpg\"><img loading=\"lazy\" decoding=\"async\" class=\"size-medium wp-image-2482 alignleft\" src=\"https:\/\/jacquesprevert.fr\/wp-content\/uploads\/2016\/11\/digipack-INA_PREVERT-300x247.jpg\" alt=\"\" width=\"300\" height=\"247\" srcset=\"https:\/\/jacquesprevert.fr\/wp-content\/uploads\/2016\/11\/digipack-INA_PREVERT-300x247.jpg 300w, https:\/\/jacquesprevert.fr\/wp-content\/uploads\/2016\/11\/digipack-INA_PREVERT-768x631.jpg 768w, https:\/\/jacquesprevert.fr\/wp-content\/uploads\/2016\/11\/digipack-INA_PREVERT-1024x842.jpg 1024w, https:\/\/jacquesprevert.fr\/wp-content\/uploads\/2016\/11\/digipack-INA_PREVERT-600x493.jpg 600w, https:\/\/jacquesprevert.fr\/wp-content\/uploads\/2016\/11\/digipack-INA_PREVERT-430x355.jpg 430w, https:\/\/jacquesprevert.fr\/wp-content\/uploads\/2016\/11\/digipack-INA_PREVERT-650x534.jpg 650w, https:\/\/jacquesprevert.fr\/wp-content\/uploads\/2016\/11\/digipack-INA_PREVERT.jpg 1806w\" sizes=\"auto, (max-width: 300px) 100vw, 300px\" \/><\/a><\/p>\n<p><span style=\"color: #000000;\"><strong>Jacques Pr\u00e9vert\u00a0<\/strong><\/span><\/p>\n<p><span style=\"color: #ba2929;\"><strong>Enfance<em> lu par l&#8217;auteur<\/em><\/strong><\/span><\/p>\n<p><strong>Les Grandes Heures Ina \/ Radio France<\/strong><\/p>\n<p>Coffret 2CD \u2013 Dur\u00e9e 2h<\/p>\n<p>Sortie le 16 mars 2017<\/p>\n<p>C\u2019est un document \u00e9tonnant que nous livre Pr\u00e9vert \u00e0 travers cet autoportrait d\u2019o\u00f9 se d\u00e9gage un parfum de nostalgie. Il y \u00e9voque entre autre, la personnalit\u00e9 complexe de son p\u00e8re, les d\u00e9jeuners dominicaux chez le grand-p\u00e8re, les promenades au jardin du Luxembourg, le cin\u00e9ma et les films qu\u2019il allait voir en famille\u2026et c\u2019est aussi l\u2019\u00e9vocation d\u2019un jeune enfant avec qui il partagea quelquefois ses jeux d\u2019enfants, un certain Louis Aragon\u2026 C\u2019est le regard aiguis\u00e9, tendre et cruel, lucide mais r\u00eaveur d\u2019un adulte qui a grandi trop vite.<\/p>\n<p>Pour illustrer cet entretien, les po\u00e8mes de Pr\u00e9vert sont interpr\u00e9t\u00e9s par l\u2019auteur et nombre d\u2019artistes : \u00ab Cet amour \u00bb par Yves Montand, \u00ab Le portrait d\u2019un oiseau \u00bb par Serge Reggiani &#8211; \u00ab L\u2019escargot \u00bb par les Fr\u00e8res Jacques, \u00ab Les feuilles mortes \u00bb par Juliette Gr\u00e9co, et de nombreux po\u00e8mes lus par l\u2019auteur \u2026.<\/p>\n<p>Qui mieux que Jacques Pr\u00e9vert pouvait nous emmener sur les traces de son enfance ?<\/p>\n<p><a href=\"https:\/\/jacquesprevert.fr\/wp-content\/uploads\/2017\/02\/9791095670209.jpg\"><img loading=\"lazy\" decoding=\"async\" class=\"size-medium wp-image-2496 alignnone\" src=\"https:\/\/jacquesprevert.fr\/wp-content\/uploads\/2017\/02\/9791095670209-219x300.jpg\" alt=\"\" width=\"219\" height=\"300\" srcset=\"https:\/\/jacquesprevert.fr\/wp-content\/uploads\/2017\/02\/9791095670209-219x300.jpg 219w, https:\/\/jacquesprevert.fr\/wp-content\/uploads\/2017\/02\/9791095670209-768x1052.jpg 768w, https:\/\/jacquesprevert.fr\/wp-content\/uploads\/2017\/02\/9791095670209-747x1024.jpg 747w, https:\/\/jacquesprevert.fr\/wp-content\/uploads\/2017\/02\/9791095670209-600x822.jpg 600w, https:\/\/jacquesprevert.fr\/wp-content\/uploads\/2017\/02\/9791095670209-650x891.jpg 650w\" sizes=\"auto, (max-width: 219px) 100vw, 219px\" \/><\/a><\/p>\n<p><span style=\"color: #ba2929;\"><strong><em>Jacques Pr\u00e9vert. Les po\u00e8mes en bandes dessin\u00e9es<\/em><\/strong><\/span><\/p>\n<p><strong>Editions Petit \u00e0 petit<\/strong><\/p>\n<p>Sortie le 17 mars 2017<\/p>\n<p>De <em>L\u2019orgue de barbarie<\/em> ou encore <em>Quelqu\u2019un<\/em> \u00e0 <em>Pour toi mon amour<\/em>, les po\u00e8mes de Jacques Pr\u00e9vert et son incroyable parcours de vie illustr\u00e9s en BD.<\/p>\n<p>Sc\u00e9nario\u00a0: C\u00e9ka, Olivier Petit, Mathieu Gabella et Daniel Pecqueur<\/p>\n<p>Dessinateurs : Gwendal Blondelle, Sophie Chaumard Clod, Olivier Desvaux, Rapha\u00ebl Gauthey&#8230;<\/p>\n<p><a href=\"https:\/\/jacquesprevert.fr\/wp-content\/uploads\/2016\/11\/ACTU_BOUFFES_DU_NORD_des-signes.jpg\"><img loading=\"lazy\" decoding=\"async\" class=\"size-medium wp-image-2453 alignleft\" src=\"https:\/\/jacquesprevert.fr\/wp-content\/uploads\/2016\/11\/ACTU_BOUFFES_DU_NORD_des-signes-300x199.jpg\" alt=\"\" width=\"300\" height=\"199\" srcset=\"https:\/\/jacquesprevert.fr\/wp-content\/uploads\/2016\/11\/ACTU_BOUFFES_DU_NORD_des-signes-300x199.jpg 300w, https:\/\/jacquesprevert.fr\/wp-content\/uploads\/2016\/11\/ACTU_BOUFFES_DU_NORD_des-signes-768x509.jpg 768w, https:\/\/jacquesprevert.fr\/wp-content\/uploads\/2016\/11\/ACTU_BOUFFES_DU_NORD_des-signes-600x397.jpg 600w, https:\/\/jacquesprevert.fr\/wp-content\/uploads\/2016\/11\/ACTU_BOUFFES_DU_NORD_des-signes-650x431.jpg 650w, https:\/\/jacquesprevert.fr\/wp-content\/uploads\/2016\/11\/ACTU_BOUFFES_DU_NORD_des-signes.jpg 770w\" sizes=\"auto, (max-width: 300px) 100vw, 300px\" \/><\/a><\/p>\n<p><strong>Soir\u00e9e Sacem <\/strong><\/p>\n<p><span style=\"color: #ba2929;\"><strong><em>Que reste-t-il de nos auteurs\u00a0? Jacques Pr\u00e9vert<\/em><\/strong><\/span><\/p>\n<p><span style=\"color: #000000;\"><a style=\"color: #000000;\" href=\"http:\/\/www.bouffesdunord.com\/fr\/la-saison\/que-reste-t-il-de-nos-auteurs-jacques-prevert\"><strong>Th\u00e9\u00e2tre des Bouffes du Nord<\/strong><\/a><\/span><\/p>\n<p>Le 20 mars 2017 \u00e0 20h<\/p>\n<p>La Sacem met \u00e0 l\u2019honneur Jacques Pr\u00e9vert. Diff\u00e9rents artistes viendront revisiter l\u2019univers unique de ce po\u00e8te, dialoguiste et\u00a0sc\u00e9nariste.\u00a0La direction musicale de cette soir\u00e9e est confi\u00e9e \u00e0\u00a0Babx\u00a0entour\u00e9 par\u00a0Thomas Fersen,\u00a0Ga\u00ebl Giraudeau, Cam\u00e9lia Jordana, \u00a0L. (Rapha\u00eble Lannad\u00e8re), MAISSIAT,\u00a0 Cyril Mokaiesh et Albin de la Simone.<\/p>\n<p>\u00ab\u00a0Que reste-t-il de nos auteurs\u00a0?\u00a0\u00bb\u00a0: des\u00a0hommages aux grands noms de la chanson fran\u00e7aise, initi\u00e9s par la\u00a0Sacem, dans le cadre de la valorisation de son patrimoine. Pour faire revivre les r\u00e9pertoires, se souvenir des textes, des refrains, des mots de ces immenses auteurs.<\/p>\n<p><a href=\"https:\/\/jacquesprevert.fr\/wp-content\/uploads\/2016\/09\/prevert_web.jpg\"><img loading=\"lazy\" decoding=\"async\" class=\"alignleft size-medium wp-image-2327\" src=\"https:\/\/jacquesprevert.fr\/wp-content\/uploads\/2016\/09\/prevert_web-213x300.jpg\" alt=\"prevert_web\" width=\"213\" height=\"300\" \/><\/a><\/p>\n<p><span style=\"color: #ba2929;\"><strong><em>Simple comme bonjour<\/em><\/strong><\/span><\/p>\n<p><strong>Spectacle musical<\/strong><\/p>\n<p>mis en sc\u00e8ne par Jonathan Salmon, en co\u00e9criture avec Pauline Mille<\/p>\n<p><a href=\"http:\/\/www.theatre-ranelagh.com\/fr\/saison-2016-2017\/simple-comme-bonjour\"><strong>Th\u00e9\u00e2tre Le Ranelagh<\/strong><\/a>\u00a0&#8211; Dates suppl\u00e9mentaires\u00a0: les 22 mars, 15, 16 et 26 avril 2017\u00a0(<a href=\"http:\/\/www.theatre-ranelagh.com\/fr\/saison-2016-2017\/simple-comme-bonjour\">+ d&#8217;infos<\/a>)<\/p>\n<p>Avec les mots de Pr\u00e9vert, des chansons in\u00e9dites et des grands classiques, Domitille et Amaury mettent \u00e0 l&#8217;honneur la po\u00e9sie sensible et engag\u00e9e de ce grand auteur. Nous suivrons alors ce &#8220;Cancre&#8221; d\u00e9laisser sa &#8220;page d&#8217;\u00e9criture&#8221;, s&#8217;en allant &#8220;chanter \u00e0 Tue-T\u00eate et \u00e0 Cloche-Pied&#8221; parce &#8220;qu&#8217;il faut passer le temps&#8221;&#8230; finira-t-il par d\u00e9couvrir que la vie peut \u00eatre &#8220;Simple comme bonjour&#8221;?<\/p>\n<p><a href=\"https:\/\/jacquesprevert.fr\/wp-content\/uploads\/2016\/11\/RDF_BLEU_PATRON2-couv.jpg\"><img loading=\"lazy\" decoding=\"async\" class=\"aligncenter size-medium wp-image-2454 alignleft\" src=\"https:\/\/jacquesprevert.fr\/wp-content\/uploads\/2016\/11\/RDF_BLEU_PATRON2-couv-211x300.jpg\" alt=\"\" width=\"211\" height=\"300\" srcset=\"https:\/\/jacquesprevert.fr\/wp-content\/uploads\/2016\/11\/RDF_BLEU_PATRON2-couv-211x300.jpg 211w, https:\/\/jacquesprevert.fr\/wp-content\/uploads\/2016\/11\/RDF_BLEU_PATRON2-couv.jpg 415w\" sizes=\"auto, (max-width: 211px) 100vw, 211px\" \/><\/a><\/p>\n<p><strong>Richard Pottier <\/strong>(r\u00e9alisation)<strong>, Jacques Pr\u00e9vert <\/strong>(sc\u00e9nario)<\/p>\n<p><span style=\"color: #ba2929;\"><strong><em>Si j\u2019\u00e9tais le patron<\/em><\/strong><\/span><\/p>\n<p><strong>Lobster<\/strong><\/p>\n<p>DVD en version restaur\u00e9e<\/p>\n<p>Sortie le 27 mars 2017<\/p>\n<p>Un jeune ouvrier, plein d\u2019initiatives mais un peu fanfaron, scande \u00e0 tout-va que s\u2019il \u00e9tait patron, il ferait des merveilles. Qu\u2019\u00e0 cela ne tienne, un actionnaire le met au d\u00e9fi, il aura vingt-quatre heures pour faire ses preuves.<\/p>\n<p>Sorti en 1934.\u00a0Avec Fernand Gravey, Max Dearly, Mireille Balin\u2026<\/p>\n<p><a href=\"https:\/\/jacquesprevert.fr\/wp-content\/uploads\/2016\/09\/Pr\u00e9vert_Portes-de-la-nuit-1.jpg\"><img loading=\"lazy\" decoding=\"async\" class=\"alignleft size-medium wp-image-2306\" src=\"https:\/\/jacquesprevert.fr\/wp-content\/uploads\/2016\/09\/Pr\u00e9vert_Portes-de-la-nuit-1-179x300.jpg\" alt=\"Marcel Carn\u00e9 (r\u00e9alisateur), Jacques Pr\u00e9vert (adaptation et dialogues) Les Portes de la nuit Path\u00e9 Production\" width=\"179\" height=\"300\" srcset=\"https:\/\/jacquesprevert.fr\/wp-content\/uploads\/2016\/09\/Pr\u00e9vert_Portes-de-la-nuit-1-179x300.jpg 179w, https:\/\/jacquesprevert.fr\/wp-content\/uploads\/2016\/09\/Pr\u00e9vert_Portes-de-la-nuit-1.jpg 529w\" sizes=\"auto, (max-width: 179px) 100vw, 179px\" \/><\/a><\/p>\n<p><strong>Marcel Carn\u00e9 <\/strong>(r\u00e9alisateur)<strong>, Jacques Pr\u00e9vert <\/strong>(adaptation et dialogues)<\/p>\n<p><span style=\"color: #ba2929;\"><strong><em>Les Portes de la nuit<\/em><\/strong><\/span><\/p>\n<p><strong>Path\u00e9 Production<\/strong><\/p>\n<p>DVD et blu-ray en version restaur\u00e9e<\/p>\n<p>Sortie le 29 mars 2017<\/p>\n<p>Paris, f\u00e9vrier 1945. Malou, une jeune femme d\u00e9\u00e7ue par son mari profiteur de la guerre, rencontre une nuit le jeune Diego, militant de la R\u00e9sistance. Mais le destin, personnifi\u00e9 par un clochard myst\u00e9rieux, va mettre sur le chemin de Malou et Diego des enjeux cruels dont peu sortiront indemnes.<\/p>\n<p>Sorti en 1946.\u00a0Avec Yves Montand, Nathalie Nattier, Pierre Brasseur, Serge Reggiani.<\/p>\n<p style=\"text-align: left;\"><a href=\"https:\/\/jacquesprevert.fr\/wp-content\/uploads\/2016\/11\/coffret-prevert-2.png\"><img loading=\"lazy\" decoding=\"async\" class=\"size-medium wp-image-2455 alignleft\" src=\"https:\/\/jacquesprevert.fr\/wp-content\/uploads\/2016\/11\/coffret-prevert-2-194x300.png\" alt=\"\" width=\"194\" height=\"300\" srcset=\"https:\/\/jacquesprevert.fr\/wp-content\/uploads\/2016\/11\/coffret-prevert-2-194x300.png 194w, https:\/\/jacquesprevert.fr\/wp-content\/uploads\/2016\/11\/coffret-prevert-2-768x1190.png 768w, https:\/\/jacquesprevert.fr\/wp-content\/uploads\/2016\/11\/coffret-prevert-2-661x1024.png 661w, https:\/\/jacquesprevert.fr\/wp-content\/uploads\/2016\/11\/coffret-prevert-2-600x930.png 600w, https:\/\/jacquesprevert.fr\/wp-content\/uploads\/2016\/11\/coffret-prevert-2-650x1007.png 650w, https:\/\/jacquesprevert.fr\/wp-content\/uploads\/2016\/11\/coffret-prevert-2.png 1365w\" sizes=\"auto, (max-width: 194px) 100vw, 194px\" \/><\/a><\/p>\n<p><strong>Jacques Pr\u00e9vert<\/strong><\/p>\n<p><span style=\"color: #ba2929;\"><strong><em>\u0152uvres compl\u00e8tes<\/em><\/strong><\/span><\/p>\n<p><strong>Biblioth\u00e8que de la Pl\u00e9iade \u2013 Editions Gallimard<\/strong><\/p>\n<p>Edition de Dani\u00e8le Gasiglia-Laster et Arnaud Laster<\/p>\n<p>Coffret Tomes I et II<\/p>\n<p>Sortie le 30 mars 2017<\/p>\n<p>\u00c9diter Pr\u00e9vert dans la Pl\u00e9iade, c&#8217;est installer son \u0153uvre dans la v\u00e9rit\u00e9 en permettant \u00e0 celle-ci de laisser entrevoir combien elle est faite d&#8217;une culture qui se cache. Car il n&#8217;est pas vrai que Pr\u00e9vert se contentait de griffonner en toute h\u00e2te sur les tables des bistrots ; les versions successives que cette \u00e9dition procure le prouveront \u00e0 l&#8217;\u00e9vidence. Il n&#8217;est pas vrai non plus que Pr\u00e9vert d\u00e9daignait la litt\u00e9rature : cette \u00e9dition s&#8217;efforce d&#8217;\u00e9lucider les r\u00e9miniscences et de rep\u00e9rer minutieusement les nombreuses r\u00e9f\u00e9rences \u00e0 des \u00e9crivains comme Hugo, Zola, Blake, Melville, Proust, et \u00e0 beaucoup d&#8217;autres. On verra aussi combien les po\u00e8mes de Pr\u00e9vert sont structur\u00e9s et quelle peine l&#8217;auteur se donnait pour cacher sous le sens apparent l&#8217;autre sens, \u00e9nigmatique qui, la plupart du temps &#8211; dans la chute -, ouvre des failles.<\/p>\n<p>Ce nouveau coffret r\u00e9unit les deux tomes des \u0152uvres compl\u00e8tes de Jacques Pr\u00e9vert.<\/p>\n<p><a href=\"https:\/\/jacquesprevert.fr\/wp-content\/uploads\/2017\/02\/Jacques-Prevert-et-ses-interpr\u00e8tes-Recto-avec-sticker-0600753767306.jpg\"><img loading=\"lazy\" decoding=\"async\" class=\"size-medium wp-image-2495 alignnone\" src=\"https:\/\/jacquesprevert.fr\/wp-content\/uploads\/2017\/02\/Jacques-Prevert-et-ses-interpr\u00e8tes-Recto-avec-sticker-0600753767306-300x268.jpg\" alt=\"\" width=\"300\" height=\"268\" srcset=\"https:\/\/jacquesprevert.fr\/wp-content\/uploads\/2017\/02\/Jacques-Prevert-et-ses-interpr\u00e8tes-Recto-avec-sticker-0600753767306-300x268.jpg 300w, https:\/\/jacquesprevert.fr\/wp-content\/uploads\/2017\/02\/Jacques-Prevert-et-ses-interpr\u00e8tes-Recto-avec-sticker-0600753767306-768x686.jpg 768w, https:\/\/jacquesprevert.fr\/wp-content\/uploads\/2017\/02\/Jacques-Prevert-et-ses-interpr\u00e8tes-Recto-avec-sticker-0600753767306-1024x914.jpg 1024w, https:\/\/jacquesprevert.fr\/wp-content\/uploads\/2017\/02\/Jacques-Prevert-et-ses-interpr\u00e8tes-Recto-avec-sticker-0600753767306-600x536.jpg 600w, https:\/\/jacquesprevert.fr\/wp-content\/uploads\/2017\/02\/Jacques-Prevert-et-ses-interpr\u00e8tes-Recto-avec-sticker-0600753767306-650x580.jpg 650w, https:\/\/jacquesprevert.fr\/wp-content\/uploads\/2017\/02\/Jacques-Prevert-et-ses-interpr\u00e8tes-Recto-avec-sticker-0600753767306.jpg 1653w\" sizes=\"auto, (max-width: 300px) 100vw, 300px\" \/><\/a><\/p>\n<p><span style=\"color: #ba2929;\"><strong><em>Jacques Pr\u00e9vert et ses interpr\u00e8tes<br \/>\n<\/em><\/strong><\/span><\/p>\n<p><strong>MCA &#8211; Universal Music France<br \/>\n<\/strong><\/p>\n<p>Coffret 3 CD + Box<\/p>\n<p>Sortie le 31 mars 2017<\/p>\n<p>Coffret 3 cd \u00e0 prix sp\u00e9cial (60 titres). Un in\u00e9dit par Jacques Pr\u00e9vert. Une s\u00e9lection de ses plus c\u00e9l\u00e8bres interpr\u00e8tes : Yves Montand, Juliette Gr\u00e9co, Mouloudji, Serge Reggiani, Germaine Montero, Cora Vocaire, Les Fr\u00e8res Jacques agr\u00e9ment\u00e9e de raret\u00e9s.<\/p>\n<p><a href=\"https:\/\/jacquesprevert.fr\/wp-content\/uploads\/2017\/02\/Jacques-Pr\u00e9vert-anniversaire-Gallimard.jpg\"><img loading=\"lazy\" decoding=\"async\" class=\"alignleft size-medium wp-image-2524\" src=\"https:\/\/jacquesprevert.fr\/wp-content\/uploads\/2017\/02\/Jacques-Pr\u00e9vert-anniversaire-Gallimard-300x102.jpg\" alt=\"\" width=\"300\" height=\"102\" srcset=\"https:\/\/jacquesprevert.fr\/wp-content\/uploads\/2017\/02\/Jacques-Pr\u00e9vert-anniversaire-Gallimard-300x102.jpg 300w, https:\/\/jacquesprevert.fr\/wp-content\/uploads\/2017\/02\/Jacques-Pr\u00e9vert-anniversaire-Gallimard-768x261.jpg 768w, https:\/\/jacquesprevert.fr\/wp-content\/uploads\/2017\/02\/Jacques-Pr\u00e9vert-anniversaire-Gallimard-1024x348.jpg 1024w, https:\/\/jacquesprevert.fr\/wp-content\/uploads\/2017\/02\/Jacques-Pr\u00e9vert-anniversaire-Gallimard-600x204.jpg 600w, https:\/\/jacquesprevert.fr\/wp-content\/uploads\/2017\/02\/Jacques-Pr\u00e9vert-anniversaire-Gallimard-650x221.jpg 650w, https:\/\/jacquesprevert.fr\/wp-content\/uploads\/2017\/02\/Jacques-Pr\u00e9vert-anniversaire-Gallimard.jpg 1491w\" sizes=\"auto, (max-width: 300px) 100vw, 300px\" \/><\/a><\/p>\n<p><em><strong><span style=\"color: #ba2929;\">Premi\u00e8re \u00e9dition num\u00e9rique des recueils de Jacques Pr\u00e9vert<\/span><\/strong><\/em><\/p>\n<p>Editions Gallimard &#8211; Livres num\u00e9riques<\/p>\n<p>Sortie mars 2017<\/p>\n<p>Les recueils de Jacques Pr\u00e9vert sont d\u00e9sormais disponibles au format EPUB :<\/p>\n<p><em>Paroles ; Spectacle ; La pluie et le beau temps ;\u00a0Fatras ;\u00a0Choses et autres ;\u00a0Grand bal du printemps suivi de Charmes de Londres ;\u00a0Octobre. Sketches et ch\u0153urs parl\u00e9s pour le groupe Octobre (1932-1936) ; Cin\u00e9ma \u2013 Sc\u00e9narios in\u00e9dits<\/em><\/p>\n<h5>Retrouvez des extraits de ces recueils sur le <span style=\"color: #000000;\"><strong><a style=\"color: #000000;\" href=\"http:\/\/www.gallimard.fr\/searchinternet\/advanced?all_title=pr\u00e9vert&amp;SearchAction=OK\">site de Gallimard<\/a><\/strong><\/span><\/h5>\n<p>\u00c0 venir : <em>Histoires et d\u2019autres histoires ; Lettre des \u00eeles Baladar ; Hebdromadaires ; Arbres ; Soleil de nuit ; Jacques Pr\u00e9vert un po\u00e8te ; La cinqui\u00e8me saison ; Imaginaires ; Etranges \u00e9trangers et d\u2019autres po\u00e8mes.<\/em><\/p>\n<p style=\"text-align: left;\"><a href=\"https:\/\/jacquesprevert.fr\/wp-content\/uploads\/2017\/02\/HS-T\u00e9l\u00e9rama_Prevert.jpg\"><img loading=\"lazy\" decoding=\"async\" class=\"size-medium wp-image-2515\" src=\"https:\/\/jacquesprevert.fr\/wp-content\/uploads\/2017\/02\/HS-T\u00e9l\u00e9rama_Prevert-230x300.jpg\" alt=\"\" width=\"230\" height=\"300\" srcset=\"https:\/\/jacquesprevert.fr\/wp-content\/uploads\/2017\/02\/HS-T\u00e9l\u00e9rama_Prevert-230x300.jpg 230w, https:\/\/jacquesprevert.fr\/wp-content\/uploads\/2017\/02\/HS-T\u00e9l\u00e9rama_Prevert.jpg 268w\" sizes=\"auto, (max-width: 230px) 100vw, 230px\" \/><\/a><\/p>\n<p><strong>Collectif<\/strong><\/p>\n<p><span style=\"color: #ba2929;\"><strong><em>Hors-S\u00e9ries : Jacques Pr\u00e9vert<\/em><\/strong><\/span><\/p>\n<p><strong>T\u00e9l\u00e9rama<\/strong><\/p>\n<p>Sortie le 5 avril 2017<\/p>\n<p>\u00c0 travers ce hors-s\u00e9rie richement illustr\u00e9, c\u2019est un Pr\u00e9vert insolite qui se fait jour, autodidacte curieux de tout, infatigable pi\u00e9ton de Paris, surr\u00e9aliste \u00e0 ses heures, fid\u00e8les \u00e0 ses amiti\u00e9s, \u00e0 ses engagements et \u00e0 ses obsessions. Ses r\u00e9pliques r\u00e9sonnent encore dans les salles obscures. Et, comme tous les vingt ans, une nouvelle g\u00e9n\u00e9ration le red\u00e9couvre qui le porte notamment \u00e0 la sc\u00e8ne.<\/p>\n<p><a href=\"https:\/\/jacquesprevert.fr\/wp-content\/uploads\/2016\/09\/Charmes-de-Londres.jpg\"><img loading=\"lazy\" decoding=\"async\" class=\"alignleft size-medium wp-image-2263\" src=\"https:\/\/jacquesprevert.fr\/wp-content\/uploads\/2016\/09\/Charmes-de-Londres-228x300.jpg\" alt=\"Jacques Pr\u00e9vert (textes), Izis (photographies) Charmes de Londres Editions du Cherche Midi\" width=\"228\" height=\"300\" srcset=\"https:\/\/jacquesprevert.fr\/wp-content\/uploads\/2016\/09\/Charmes-de-Londres-228x300.jpg 228w, https:\/\/jacquesprevert.fr\/wp-content\/uploads\/2016\/09\/Charmes-de-Londres.jpg 500w\" sizes=\"auto, (max-width: 228px) 100vw, 228px\" \/><\/a><\/p>\n<p><strong>Jacques Pr\u00e9vert <\/strong>(textes), <strong>Izis <\/strong>(photographies)<\/p>\n<p><span style=\"color: #ba2929;\"><strong><em>Charmes de Londres<\/em><\/strong><\/span><\/p>\n<p>Collection \u00ab Plan\u00e8te Pr\u00e9vert \u00bb\u00a0dirig\u00e9e par Jean-Paul Li\u00e9geois<\/p>\n<p><strong>Editions du Cherche Midi<\/strong><\/p>\n<p>Sortie le 6 avril 2017<\/p>\n<p>\u00ab\u00a0La combinaison photographie-po\u00e8me cr\u00e9e une \u00e9motion au-del\u00e0 de toute parole\u00a0\u00bb, Charlie Chaplin (boulevers\u00e9 par ce livre consacr\u00e9 \u00e0 sa ville natale). Cette \u00ab ville archipel \u00bb, Pr\u00e9vert et Izis l&#8217;ont arpent\u00e9e ensemble pendant des semaines, de la Tour \u00e0 Picadilly, de Trafalgar Square \u00e0 Hyde Park, de White Chapel \u00e0 l&#8217;East End. Ensemble, ils se sont nourris d&#8217;images, d&#8217;odeurs, de sons, de musiques, d&#8217;espaces, de visages. Ensemble, ils ont accumul\u00e9 un tr\u00e9sor qu&#8217;ils n&#8217;ont pas gard\u00e9 pour eux, qu&#8217;ils ont g\u00e9n\u00e9reusement d\u00e9pos\u00e9 sur le papier : \u00ab la substance lyrique de cette ville \u00bb, dira Pierre Mac Orlan en d\u00e9couvrant l&#8217;ouvrage. Charmes de Londres, hymne aquatique sous l&#8217;\u00e9gide de Haendel. Hymne \u00e0 la Tamise, au port, et aux quartiers pauvres. Hymne de pluies, de brumes et de lumi\u00e8res \u00ab tamis\u00e9es \u00bb pour noyer les chagrins, la mis\u00e8re et les fant\u00f4mes (celui de Jack l&#8217;\u00c9ventreur et celui d&#8217;Henri VIII). Hymne \u00e0 tout ce qui vit l\u00e0 o\u00f9 s&#8217;obstinent \u00e0 y survivre tant bien que mal les arbres et les animaux, les enfants et les vieillards, les musiciens des rues et les oiseaux, les fontaines et les r\u00eaves des artistes (ceux de William Blake, de Thomas de Quincey et de Lewis Carroll). Hymne po\u00e9tique et photographique. \u00c9vidence des mots de Pr\u00e9vert et des images d&#8217;Izis : au d\u00e9but des ann\u00e9es 1950, Londres est d\u00e9j\u00e0 la banlieue du monde.\u00a0\u00bb<\/p>\n<p><a href=\"https:\/\/jacquesprevert.fr\/wp-content\/uploads\/2016\/09\/Grand-bal-du-printemps.jpg\"><img loading=\"lazy\" decoding=\"async\" class=\"alignleft size-medium wp-image-2329\" src=\"https:\/\/jacquesprevert.fr\/wp-content\/uploads\/2016\/09\/Grand-bal-du-printemps-235x300.jpg\" alt=\"Grand bal du printemps\" width=\"235\" height=\"300\" srcset=\"https:\/\/jacquesprevert.fr\/wp-content\/uploads\/2016\/09\/Grand-bal-du-printemps-235x300.jpg 235w, https:\/\/jacquesprevert.fr\/wp-content\/uploads\/2016\/09\/Grand-bal-du-printemps.jpg 500w\" sizes=\"auto, (max-width: 235px) 100vw, 235px\" \/><\/a><\/p>\n<p><strong>Jacques Pr\u00e9vert\u00a0<\/strong>(textes),\u00a0<strong>Izis\u00a0<\/strong>(photographies)<\/p>\n<p><span style=\"color: #ba2929;\"><strong><em>Grand bal du printemps<\/em><\/strong><\/span><\/p>\n<p>Collection \u00ab Plan\u00e8te Pr\u00e9vert \u00bb\u00a0dirig\u00e9e par Jean-Paul Li\u00e9geois<\/p>\n<p><strong>Editions du Cherche Midi<\/strong><\/p>\n<p>Sortie le 6 avril 2017<\/p>\n<p>\u00ab Grand Bal du Printemps est une c\u00e9l\u00e9bration de Paris, chant\u00e9e en duo par un po\u00e8te, Pr\u00e9vert, et un photographe, Izis. Un chant d&#8217;amour pour une ville. Jacques Pr\u00e9vert a toujours aim\u00e9 et chant\u00e9 Paris : il a \u00e9t\u00e9 et demeure \u00ab le po\u00e8te de Paris \u00bb. Cet ouvrage, enrichi de 62 photos d&#8217;Izis sur Paris, en constitue la meilleure preuve. \u00ab Paris est tout petit \/ c&#8217;est l\u00e0 sa vraie grandeur \u00bb. Le Paris de Pr\u00e9vert est celui des quartiers populaires, des musiques de rue, des f\u00eates et de la mis\u00e8re, des enfants en libert\u00e9 et des \u00ab \u00e9tranges \u00e9trangers \u00bb. Le Paris de Pr\u00e9vert est une ville humaine, une ville au quotidien, avec ses grands malheurs et ses petits bonheurs. Les photographies d&#8217;Izis donnent des visages \u00e0 cette humanit\u00e9.\u00a0\u00bb<\/p>\n<p><a href=\"https:\/\/jacquesprevert.fr\/wp-content\/uploads\/2016\/11\/logo-francecul.jpg\"><img loading=\"lazy\" decoding=\"async\" class=\" wp-image-2458 alignleft\" src=\"https:\/\/jacquesprevert.fr\/wp-content\/uploads\/2016\/11\/logo-francecul-300x300.jpg\" alt=\"\" width=\"175\" height=\"175\" srcset=\"https:\/\/jacquesprevert.fr\/wp-content\/uploads\/2016\/11\/logo-francecul-300x300.jpg 300w, https:\/\/jacquesprevert.fr\/wp-content\/uploads\/2016\/11\/logo-francecul-150x150.jpg 150w, https:\/\/jacquesprevert.fr\/wp-content\/uploads\/2016\/11\/logo-francecul-768x768.jpg 768w, https:\/\/jacquesprevert.fr\/wp-content\/uploads\/2016\/11\/logo-francecul-1024x1024.jpg 1024w, https:\/\/jacquesprevert.fr\/wp-content\/uploads\/2016\/11\/logo-francecul-600x600.jpg 600w, https:\/\/jacquesprevert.fr\/wp-content\/uploads\/2016\/11\/logo-francecul-650x650.jpg 650w, https:\/\/jacquesprevert.fr\/wp-content\/uploads\/2016\/11\/logo-francecul-210x210.jpg 210w, https:\/\/jacquesprevert.fr\/wp-content\/uploads\/2016\/11\/logo-francecul.jpg 1831w\" sizes=\"auto, (max-width: 175px) 100vw, 175px\" \/><\/a><\/p>\n<p><strong>Une vie, une \u0153uvre\u00a0\u2013 Ir\u00e8ne Omelianenko<\/strong><\/p>\n<p><span style=\"color: #ba2929;\"><strong><em>Jacques Pr\u00e9vert,\u00a0le libertaire exquis<\/em><\/strong><\/span><\/p>\n<p><strong>France Culture<\/strong><\/p>\n<p>Documentaire radiophonique par Isabelle Foug\u00e8re<\/p>\n<p>R\u00e9alisation Delphine Lerner<\/p>\n<p>Diffusion le samedi 8 avril 16h-17h<\/p>\n<p>Bousculeur corrosif et malicieux des id\u00e9es toutes faites et de toutes les formes de domination, Pr\u00e9vert est bien plus qu&#8217;un po\u00e8te pour \u00e9coliers. Ecrivain, sc\u00e9nariste, parolier et colleur surr\u00e9aliste, il a v\u00e9cu en insoumis pacifiste, g\u00e9nial colleur de mots et d&#8217;image, en avance sur son temps. On red\u00e9couvre aujourd&#8217;hui, parce que menac\u00e9es, les vertus de la caricature et des bons mots, de l&#8217;humour et de la critique, de la pens\u00e9e libre. Voici alors, plus que jamais, venu le moment de r\u00e9veiller Pr\u00e9vert, quarante ans apr\u00e8s sa disparition. Souvent cantonn\u00e9 dans son r\u00f4le de po\u00e8te amoureux, Pr\u00e9vert (1900-1977), qui d\u00e9testait les hommages, a v\u00e9cu en homme irr\u00e9v\u00e9rencieux, t\u00e9moin attentif de son \u00e9poque, contre la guerre, la &#8220;connerie&#8221;, la religion, la pollution, le sexisme, pour Angela Davis et les &#8220;\u00e9tranges \u00e9trangers&#8221;.<\/p>\n<p>Avec <strong>Eug\u00e9nie Bachelot-Pr\u00e9vert<\/strong>, petite-fille de Pr\u00e9vert, artiste-peintre, qui nous fait d\u00e9couvrir l&#8217;appartement nich\u00e9 derri\u00e8re les ailes du Moulin Rouge o\u00f9 ce dernier a v\u00e9cu, elle d\u00e9voile ses archives et nous raconte des anecdotes in\u00e9dites sur son grand-p\u00e8re, <strong>Dani\u00e8le Gasiglia-Laster<\/strong>, \u00e9crivaine et critique, <strong>NT Binh<\/strong>, journaliste, critique, enseignant de cin\u00e9ma \u00e0 l\u2019universit\u00e9 Paris 1 Panth\u00e9on-Sorbonne, <strong>Yoyo Maeght<\/strong>, \u00e9ditrice, galeriste et commissaire d&#8217;exposition.<\/p>\n<h5><strong><span style=\"color: #000000;\"><a style=\"color: #000000;\" href=\"https:\/\/www.franceculture.fr\/emissions\/une-vie-une-oeuvre\/jacques-prevert-1900-1977-le-libertaire-exquis\">Podcast<\/a><\/span><\/strong><\/h5>\n<p><a href=\"https:\/\/jacquesprevert.fr\/wp-content\/uploads\/2017\/02\/Capture-d\u2019\u00e9cran-2017-04-20-\u00e0-12.00.43.png\"><img loading=\"lazy\" decoding=\"async\" class=\"size-medium wp-image-2518\" src=\"https:\/\/jacquesprevert.fr\/wp-content\/uploads\/2017\/02\/Capture-d\u2019\u00e9cran-2017-04-20-\u00e0-12.00.43-300x223.png\" alt=\"\" width=\"300\" height=\"223\" srcset=\"https:\/\/jacquesprevert.fr\/wp-content\/uploads\/2017\/02\/Capture-d\u2019\u00e9cran-2017-04-20-\u00e0-12.00.43-300x223.png 300w, https:\/\/jacquesprevert.fr\/wp-content\/uploads\/2017\/02\/Capture-d\u2019\u00e9cran-2017-04-20-\u00e0-12.00.43.png 527w\" sizes=\"auto, (max-width: 300px) 100vw, 300px\" \/><\/a><\/p>\n<p><span style=\"color: #ba2929;\"><strong><em>Pr\u00e9vert exquis<\/em><\/strong><\/span><\/p>\n<p><strong>Narrative<\/strong><\/p>\n<p>\u00e0 partir du 11 avril 2017<\/p>\n<p>Courts m\u00e9trages r\u00e9alis\u00e9 par Isabelle Foug\u00e8re.\u00a0En coproduction avec TV5 Monde, en partenariat avec Fatras\/Succession Jacques Pr\u00e9vert, avec le soutien du CNC, du fonds Transm\u00e9dia de la mairie de Paris et de la SCAM.<\/p>\n<p>Une exp\u00e9rience transm\u00e9dia de Jacques Pr\u00e9vert,\u00a040 ans apr\u00e8s sa mort imagin\u00e9e par Isabelle Foug\u00e8re dans une dynamique de surprises et de formats partageables, avec l\u2019\u00e9nergie joyeuse et engag\u00e9e de l\u2019artiste multim\u00e9dia avant l\u2019heure.<\/p>\n<p>Une s\u00e9rie d\u2019(ultra) courts m\u00e9trages \u00e0 d\u00e9couvrir sur TV5 Monde \u00e0 partir du 11 avril\u00a02017\u2026<\/p>\n<p>\u00ab\u00a0Je souhaite ramener du Pr\u00e9vert \u00e0 notre \u00e9poque, partager son \u00e9nergie combattante et bienveillante, jamais blas\u00e9e, en particulier avec les plus jeunes et ceux de la vie de tous les jours, qui parlent comme il parlait, lui qui a offert au langage populaire ses plus belles r\u00e9pliques. Je vais ouvrir la malle aux tr\u00e9sors, sortir les textes, les sons, les vid\u00e9os, les collages, les images, en choisir des p\u00e9pites, les associer au hasard, les m\u00e9langer, les proposer et les mettre en sc\u00e8ne.<\/p>\n<p>Je veux offrir \u00e0 Pr\u00e9vert d\u2019investir les m\u00e9dias contemporains pour pousser ses coups de gueule ou ses traits d\u2019humour : donner \u00e0 entendre, lire et voir Pr\u00e9vert qui nous parle d\u2019aujourd\u2019hui avec ses mots d\u2019hier; d\u00e9couvrir combien il inspire toujours les artistes contemporains; go\u00fbter \u00e0 ses jeux avec les mots pour r\u00e9-enchanter la vie.\u00a0Et faire vivre la po\u00e9sie. \u00bb \u00a0Isabelle Foug\u00e8re, auteure et r\u00e9alisatrice<\/p>\n<h5><span style=\"color: #ba2929;\"><u><span style=\"color: #000000;\"><strong><a style=\"color: #000000;\" href=\"http:\/\/focus.tv5monde.com\/prevert\/\">Voir la s\u00e9rie<\/a><\/strong><\/span><br \/>\n<\/u><\/span><\/h5>\n<p><a href=\"https:\/\/jacquesprevert.fr\/wp-content\/uploads\/2017\/02\/prevert5.jpg\"><img loading=\"lazy\" decoding=\"async\" class=\"alignleft size-medium wp-image-2520\" src=\"https:\/\/jacquesprevert.fr\/wp-content\/uploads\/2017\/02\/prevert5-300x89.jpg\" alt=\"\" width=\"300\" height=\"89\" srcset=\"https:\/\/jacquesprevert.fr\/wp-content\/uploads\/2017\/02\/prevert5-300x89.jpg 300w, https:\/\/jacquesprevert.fr\/wp-content\/uploads\/2017\/02\/prevert5-600x177.jpg 600w, https:\/\/jacquesprevert.fr\/wp-content\/uploads\/2017\/02\/prevert5.jpg 640w\" sizes=\"auto, (max-width: 300px) 100vw, 300px\" \/><\/a><\/p>\n<p><span style=\"color: #ba2929;\"><strong><em>Des lignes et des rimes\u00a0: Jacques Pr\u00e9vert<\/em><\/strong><\/span><\/p>\n<p><strong>RATP<\/strong><\/p>\n<p>Printemps 2017<\/p>\n<p>En partenariat avec Fatras et Folio &#8211; Gallimard, la RATP rend hommage \u00e0 la po\u00e9sie de Jacques Pr\u00e9vert, \u00e0 travers 2600 affiches r\u00e9parties sur les quais de toutes les lignes RATP, dans tous les bus d\u2019\u00cele-de-France et dans les rames des lignes 6, 10, 11 et 12.<\/p>\n<h5><a href=\"http:\/\/www.ratp.fr\/fr\/ratp\/v_163598\/la-ratp-rend-hommage-a-jacques-prevert\/\"><span style=\"color: #000000;\"><strong>Lien<\/strong><\/span><\/a><\/h5>\n<p style=\"text-align: right;\"><u><\/u><a style=\"line-height: 1.5;\" href=\"https:\/\/jacquesprevert.fr\/wp-content\/uploads\/2017\/02\/Capture-d\u2019\u00e9cran-2016-09-15-\u00e0-11.56.31.png\"><img loading=\"lazy\" decoding=\"async\" class=\"size-medium wp-image-2494 alignnone alignleft\" src=\"https:\/\/jacquesprevert.fr\/wp-content\/uploads\/2017\/02\/Capture-d\u2019\u00e9cran-2016-09-15-\u00e0-11.56.31-210x300.png\" alt=\"\" width=\"210\" height=\"300\" srcset=\"https:\/\/jacquesprevert.fr\/wp-content\/uploads\/2017\/02\/Capture-d\u2019\u00e9cran-2016-09-15-\u00e0-11.56.31-210x300.png 210w, https:\/\/jacquesprevert.fr\/wp-content\/uploads\/2017\/02\/Capture-d\u2019\u00e9cran-2016-09-15-\u00e0-11.56.31.png 455w\" sizes=\"auto, (max-width: 210px) 100vw, 210px\" \/><\/a><\/p>\n<p><strong>Jean Renoir<\/strong> (r\u00e9alisateur)<strong>, Jacques Pr\u00e9vert <\/strong>(sc\u00e9nario et dialogues)<\/p>\n<p><span style=\"color: #ba2929;\"><strong><em>Le Crime de Monsieur Lange<\/em><\/strong><\/span><\/p>\n<p><strong>Studio Canal Production<\/strong><\/p>\n<p>Sortie en salle\u00a0en version restaur\u00e9e (+ DVD \u00e0 venir)<\/p>\n<p>Sortie le 26 avril 2017<\/p>\n<p>Le directeur d&#8217;une petite entreprise de publications populaires, Batala, exploite honteusement son personnel. Il \u00e9dite aux moindres frais &#8220;Arizona Jim&#8221;, un western \u00e9crit par l&#8217;un de ses employ\u00e9s, le sympathique M. Lange, tout en lardant sa prose de slogans publicitaires. Entre deux affaires v\u00e9reuses, il viole l&#8217;innocente Estelle, employ\u00e9e de la blanchisserie du rez-de-chauss\u00e9e dont la patronne, Valentine, est elle-m\u00eame amoureuse de Lange. D&#8217;autres intrigues se nouent gentiment dans la cour de l&#8217;immeuble.<\/p>\n<p>Accul\u00e9 \u00e0 la faillite, Batala prend le large. Son train d\u00e9raille. Il passe pour mort. En r\u00e9alit\u00e9, il a vol\u00e9 les v\u00eatements et usurp\u00e9 l&#8217;identit\u00e9 d&#8217;un eccl\u00e9siastique qui voyageait avec lui. En son absence, l&#8217;affaire est renflou\u00e9e et sainement g\u00e9r\u00e9e par les ouvriers r\u00e9unis en coop\u00e9rative. On s&#8217;appr\u00eate \u00e0 tirer un film d'&#8221;Arizona Jim&#8221;. C&#8217;est le moment que choisit l&#8217;ignoble Batala pour repara\u00eetre et faire valoir ses droits. Lange, effondr\u00e9, le tue. Apr\u00e8s quoi il s&#8217;enfuit en compagnie de Valentine et passe ais\u00e9ment la fronti\u00e8re.<\/p>\n<p>Sorti en 1936.\u00a0Avec Jules Berry, Ren\u00e9 Lef\u00e8vre, Sylvia Bataille, Florelle.<\/p>\n<p><a href=\"https:\/\/jacquesprevert.fr\/wp-content\/uploads\/2016\/09\/Pr\u00e9vert_Planche-Enfants-du-paradis.jpg\"><img loading=\"lazy\" decoding=\"async\" class=\"alignleft size-medium wp-image-2277\" src=\"https:\/\/jacquesprevert.fr\/wp-content\/uploads\/2016\/09\/Pr\u00e9vert_Planche-Enfants-du-paradis-300x224.jpg\" alt=\"Jacques Pr\u00e9vert Planche sc\u00e9naristique dessin\u00e9e des Enfants du paradis, \u00c9ditions des Saints-P\u00e8res\" width=\"300\" height=\"224\" srcset=\"https:\/\/jacquesprevert.fr\/wp-content\/uploads\/2016\/09\/Pr\u00e9vert_Planche-Enfants-du-paradis-300x224.jpg 300w, https:\/\/jacquesprevert.fr\/wp-content\/uploads\/2016\/09\/Pr\u00e9vert_Planche-Enfants-du-paradis-768x573.jpg 768w, https:\/\/jacquesprevert.fr\/wp-content\/uploads\/2016\/09\/Pr\u00e9vert_Planche-Enfants-du-paradis-600x448.jpg 600w, https:\/\/jacquesprevert.fr\/wp-content\/uploads\/2016\/09\/Pr\u00e9vert_Planche-Enfants-du-paradis-650x485.jpg 650w, https:\/\/jacquesprevert.fr\/wp-content\/uploads\/2016\/09\/Pr\u00e9vert_Planche-Enfants-du-paradis.jpg 886w\" sizes=\"auto, (max-width: 300px) 100vw, 300px\" \/><\/a><\/p>\n<p><strong>Jacques Pr\u00e9vert<\/strong><\/p>\n<p><span style=\"color: #ba2929;\"><strong><em>Planche sc\u00e9naristique dessin\u00e9e des Enfants du paradis<\/em><\/strong><\/span><\/p>\n<p><strong>\u00c9ditions des Saints-P\u00e8res<\/strong><\/p>\n<p>Sortie au printemps 2017<\/p>\n<p>Reproduction en fac-simil\u00e9 au format original de la planche sc\u00e9naristique dessin\u00e9e par Jacques Pr\u00e9vert pour Les Enfants du paradis.<\/p>\n<p><a href=\"https:\/\/jacquesprevert.fr\/wp-content\/uploads\/2017\/02\/Bertele-Prevert_medium.jpg\"><img loading=\"lazy\" decoding=\"async\" class=\"alignleft size-full wp-image-2523\" src=\"https:\/\/jacquesprevert.fr\/wp-content\/uploads\/2017\/02\/Bertele-Prevert_medium.jpg\" alt=\"\" width=\"180\" height=\"264\" \/><\/a><\/p>\n<p><strong>Ren\u00e9 Bertel\u00e9 et Jacques Pr\u00e9vert<\/strong><\/p>\n<p><span style=\"color: #ba2929;\"><strong><em>Editer Pr\u00e9vert. Lettres et archives (1946-1976)<\/em><\/strong><\/span><\/p>\n<p><strong>Collection Les <\/strong><strong>Cahiers de la NRF &#8211; <\/strong><strong>Editions Gallimard <\/strong><\/p>\n<p>Edition \u00e9tablie, pr\u00e9sent\u00e9e et annot\u00e9e par <strong>Delphine Lacroix<\/strong>, illustr\u00e9e de 110 documents en couleurs.<\/p>\n<p>Sortie le 25 mai 2017<\/p>\n<p>Ren\u00e9 Bertel\u00e9 cr\u00e9e les \u00c9ditions du Point du Jour le 10 janvier 1946 \u00e0 Paris. Quelques semaines plus tard, il fait para\u00eetre \u00e0 cette enseigne &#8220;Paroles&#8221;, premier recueil po\u00e9tique de Jacques Pr\u00e9vert. D\u00e9j\u00e0 reconnu pour ses sc\u00e9narios de films, ses paroles de chansons et son th\u00e9\u00e2tre militant, Jacques Pr\u00e9vert n\u2019a encore publi\u00e9 ses \u00e9crits litt\u00e9raires que dans des revues confidentielles. Ren\u00e9 Bertel\u00e9 r\u00e9unit et ordonne ces textes \u00e9pars puis devient, d\u2019un recueil \u00e0 l\u2019autre, de &#8220;Paroles&#8221; \u00e0 &#8220;Choses et autres&#8221;, le principal \u00e9diteur du po\u00e8te \u2013 et l\u2019un de ses plus proches amis.<\/p>\n<p>Malgr\u00e9 le succ\u00e8s imm\u00e9diat et durable de &#8220;Paroles&#8221;, le Point du Jour ne dispose pas des ressources n\u00e9cessaires pour d\u00e9velopper ses activit\u00e9s. Suivant le conseil de Jean Paulhan, Gaston Gallimard, tr\u00e8s d\u00e9sireux d\u2019accueillir les \u0153uvres de Jacques Pr\u00e9vert dans sa Maison, rach\u00e8te le Point du Jour le 27 juillet 1949. Il confie \u00e0 Ren\u00e9 Bertel\u00e9, d\u00e9sormais directeur de collection \u00e0 la NRF, le soin de l\u2019enrichir de nouveaux titres. Jacques Pr\u00e9vert, tr\u00e8s sollicit\u00e9 par ailleurs, reste toujours un peu r\u00e9ticent \u00e0 rassembler et ordonner sa production litt\u00e9raire. L\u2019\u00e9laboration de chaque recueil s\u2019apparente \u00e0 une difficultueuse mise au monde ; mais l\u2019\u0153uvre prend forme au travers cette magnifique entente \u00e9ditoriale.<\/p>\n<p>Les lettres de Ren\u00e9 Bertel\u00e9 \u00e0 Jacques Pr\u00e9vert, les \u00e9changes avec Gaston Gallimard, son fils Claude et Jean Paulhan, les nombreuses reproductions de collages in\u00e9dits ou de petits dessins adress\u00e9es par l\u2019\u00e9crivain en guise de r\u00e9ponse, les maquettes de couverture et autres documents \u00e9ditoriaux r\u00e9v\u00e8lent le patient et obstin\u00e9 travail qu\u2019a exig\u00e9 la mise au point des recueils po\u00e9tiques de Jacques Pr\u00e9vert, en toute complicit\u00e9.<\/p>\n<p><em>\u00a0<\/em><\/p>\n<p><strong>Philippe B\u00e9ziat\u00a0<\/strong><\/p>\n<p><strong><em><span style=\"color: #ba2929;\">Jacques Pr\u00e9vert. L&#8217;homme de parole(s)<\/span><\/em><\/strong><\/p>\n<p><strong>Grand Angle Productions<\/strong><\/p>\n<p>Documentaire t\u00e9l\u00e9vision 90 minutes.<\/p>\n<p>Diffusion France 2 en septembre 2017<\/p>\n<p><span style=\"color: #bf3232;\"><strong><em>R\u00e9trospectives Jacques Pr\u00e9vert au cin\u00e9ma<\/em><\/strong><\/span><\/p>\n<p>Diffusion automne\/hiver 2017<\/p>\n<p>A partir de la rentr\u00e9e\u00a02017, hommages et r\u00e9trospectives Jacques Pr\u00e9vert dans les cin\u00e9ma de Paris et de province. Jacques Pr\u00e9vert a collabor\u00e9 \u00e0 une soixantaine de films. Programme \u00e0 venir<\/p>\n<p><span style=\"color: #ba2929;\"><strong><em>Coffret int\u00e9gral<\/em><\/strong><strong><em> Jacques Pr\u00e9vert<\/em><\/strong><\/span><\/p>\n<p><strong>Universal Music<\/strong><\/p>\n<p>Sortie en automne 2017<\/p>\n<p><span style=\"color: #000000;\">Coffret \u00ab\u00a0patrimoine\u00a0\u00bb regroupant disques cd de chansons de Jacques Pr\u00e9vert dans leurs enregistrements d\u2019\u00e9poque et dvd des principaux films dont il est le sc\u00e9nariste.<\/span><\/p>\n<p style=\"text-align: center;\"><span style=\"color: #ba2929;\"><strong><u>R\u00e9\u00e9ditions\u00a0et\u00a0ressorties dans le cadre de l&#8217;anniversaire Pr\u00e9vert :\u00a0<\/u><\/strong><\/span><\/p>\n<p><a href=\"https:\/\/jacquesprevert.fr\/wp-content\/uploads\/2016\/09\/Pr\u00e9vert_Collages.jpg\"><img loading=\"lazy\" decoding=\"async\" class=\"alignleft size-medium wp-image-2268\" src=\"https:\/\/jacquesprevert.fr\/wp-content\/uploads\/2016\/09\/Pr\u00e9vert_Collages-225x300.jpg\" alt=\"Pr\u00e9vert_Collages\" width=\"225\" height=\"300\" srcset=\"https:\/\/jacquesprevert.fr\/wp-content\/uploads\/2016\/09\/Pr\u00e9vert_Collages-225x300.jpg 225w, https:\/\/jacquesprevert.fr\/wp-content\/uploads\/2016\/09\/Pr\u00e9vert_Collages-600x801.jpg 600w, https:\/\/jacquesprevert.fr\/wp-content\/uploads\/2016\/09\/Pr\u00e9vert_Collages-650x868.jpg 650w, https:\/\/jacquesprevert.fr\/wp-content\/uploads\/2016\/09\/Pr\u00e9vert_Collages.jpg 734w\" sizes=\"auto, (max-width: 225px) 100vw, 225px\" \/><\/a><\/p>\n<p><strong>Jacques Pr\u00e9vert<\/strong><\/p>\n<p><span style=\"color: #ba2929;\"><strong><em>Collages<\/em><\/strong><\/span><\/p>\n<p><span style=\"color: #000000;\"><a style=\"color: #000000;\" href=\"http:\/\/www.gallimard.fr\/Catalogue\/GALLIMARD\/Albums-Beaux-Livres\/Collages\"><strong>Editions Gallimard<\/strong><\/a><\/span><\/p>\n<p>Pr\u00e9face de Philippe Soupault, textes d\u2019Andr\u00e9 Pozner<\/p>\n<p>Ressortie le 20 octobre 2016<\/p>\n<p>Seul ouvrage de r\u00e9f\u00e9rence sur les collages, ce tr\u00e8s beau livre, publi\u00e9 pour la premi\u00e8re fois en 1982, permet de d\u00e9couvrir une facette moins connue de l\u2019\u0153uvre de Jacques Pr\u00e9vert.<\/p>\n<p><a href=\"https:\/\/jacquesprevert.fr\/wp-content\/uploads\/2016\/09\/Pr\u00e9vert_cin\u00e9ma-dessin\u00e9-1.jpg\"><img loading=\"lazy\" decoding=\"async\" class=\"alignleft size-medium wp-image-2309\" src=\"https:\/\/jacquesprevert.fr\/wp-content\/uploads\/2016\/09\/Pr\u00e9vert_cin\u00e9ma-dessin\u00e9-1-189x300.jpg\" alt=\"Carole Aurouet Le cin\u00e9ma dessin\u00e9 de Jacques Pr\u00e9vert Editions Textuel\" width=\"189\" height=\"300\" srcset=\"https:\/\/jacquesprevert.fr\/wp-content\/uploads\/2016\/09\/Pr\u00e9vert_cin\u00e9ma-dessin\u00e9-1-189x300.jpg 189w, https:\/\/jacquesprevert.fr\/wp-content\/uploads\/2016\/09\/Pr\u00e9vert_cin\u00e9ma-dessin\u00e9-1.jpg 558w\" sizes=\"auto, (max-width: 189px) 100vw, 189px\" \/><\/a><\/p>\n<p><strong>Carole Aurouet<\/strong><\/p>\n<p><span style=\"color: #ba2929;\"><strong><em>Le cin\u00e9ma dessin\u00e9 de Jacques Pr\u00e9vert<\/em><\/strong><\/span><\/p>\n<p><span style=\"color: #000000;\"><a style=\"color: #000000;\" href=\"http:\/\/www.editionstextuel.com\/index.php?cat=020201&amp;id=567&amp;c=&amp;count=0\"><strong>Editions Textuel<\/strong><\/a><\/span><\/p>\n<p>R\u00e9\u00e9dition : octobre 2016<\/p>\n<p>Un tr\u00e9sor : les fac-simil\u00e9s des planches de sc\u00e9narios dessin\u00e9es par Jacques Pr\u00e9vert. Carole Aurouet retrace de mani\u00e8re exhaustive la place centrale du cin\u00e9ma dans l&#8217;oeuvre de Pr\u00e9vert avec un choix de photographies incomparables toutes prises lors des tournages des films. Des manuscrits in\u00e9dits viennent compl\u00e9ter cet ensemble exceptionnel, \u00e9clair\u00e9 par les commentaires de Carole Aurouet.<\/p>\n<p><a href=\"https:\/\/jacquesprevert.fr\/wp-content\/uploads\/2016\/09\/Pr\u00e9vert_Lamiti\u00e9.jpg\"><img loading=\"lazy\" decoding=\"async\" class=\"alignleft size-medium wp-image-2271\" src=\"https:\/\/jacquesprevert.fr\/wp-content\/uploads\/2016\/09\/Pr\u00e9vert_Lamiti\u00e9-202x300.jpg\" alt=\"Carole Aurouet L\u2019Amiti\u00e9 selon Pr\u00e9vert Editions Textuel\" width=\"202\" height=\"300\" srcset=\"https:\/\/jacquesprevert.fr\/wp-content\/uploads\/2016\/09\/Pr\u00e9vert_Lamiti\u00e9-202x300.jpg 202w, https:\/\/jacquesprevert.fr\/wp-content\/uploads\/2016\/09\/Pr\u00e9vert_Lamiti\u00e9.jpg 598w\" sizes=\"auto, (max-width: 202px) 100vw, 202px\" \/><\/a><\/p>\n<p><strong>Carole Aurouet<\/strong><\/p>\n<p><span style=\"color: #ba2929;\"><strong><em>L\u2019Amiti\u00e9 selon Pr\u00e9vert<\/em><\/strong><\/span><\/p>\n<p><span style=\"color: #000000;\"><a style=\"color: #000000;\" href=\"http:\/\/www.editionstextuel.com\/index.php?cat=020411&amp;id=570\"><strong>Editions Textuel<\/strong><\/a><\/span><\/p>\n<p>R\u00e9\u00e9dition : octobre 2016<\/p>\n<p>Anniversaire, rendez-vous, d\u00eeners entre amis, Pr\u00e9vert pla\u00e7ait l\u2019amiti\u00e9 au centre de sa vie. \u00c0 partir de la fin des ann\u00e9es 1950, install\u00e9 cit\u00e9 V\u00e9ron, il prend l\u2019habitude d\u2019y consacrer chaque jour une belle \u00e9ph\u00e9m\u00e9ride : une fleur dessin\u00e9e au feutre et vivement color\u00e9e aux c\u00f4t\u00e9s de laquelle il notait les noms et souvent l\u2019occasion de ses rendez-vous. Le geste est superbe, le d\u00e9fil\u00e9 des noms vertigineux\u2026<\/p>\n<p>Fid\u00e8le \u00e0 lui-m\u00eame, Pr\u00e9vert y appara\u00eet taquin et attachant. Sous sa plume fac\u00e9tieuse, Paul Grimault prend l\u2019aspect d\u2019un gros chat jaune, les d\u00eeners sont signal\u00e9s par un couvert dress\u00e9 et les jours se succ\u00e8dent dans une curieuse danse typographique, m\u00e9langeant les lettres et les couleurs.<\/p>\n<p>Au fil des pages, on retrouvera donc les comp\u00e8res, les intimes, les ins\u00e9parables : Arletty, Maurice Baquet, Ren\u00e9 Bertel\u00e9, Pierre Brasseur, Henri Crolla, Robert Doisneau, Marcel Duhamel, Jean Gabin, Paul Grimault, Joan Mir\u00f2, Aim\u00e9 Maeght, Edith Piaf, Marcel Mouloudji, Pablo Picasso, Pierre Pr\u00e9vert, Simone Signoret, Alexandre Trauner et Boris Vian. C\u2019est toute une \u00e9poque qui d\u00e9file ainsi sous nos yeux, bouillonnante, cr\u00e9ative, \u00e9clectique.<\/p>\n<p><a href=\"https:\/\/jacquesprevert.fr\/wp-content\/uploads\/2016\/09\/Pr\u00e9vert_Coffret-Paroles.jpg\"><img loading=\"lazy\" decoding=\"async\" class=\"alignleft size-medium wp-image-2356\" src=\"https:\/\/jacquesprevert.fr\/wp-content\/uploads\/2016\/09\/Pr\u00e9vert_Coffret-Paroles-182x300.jpg\" alt=\"Jacques Pr\u00e9vert Paroles Collection Folio - Editions Gallimard\" width=\"182\" height=\"300\" srcset=\"https:\/\/jacquesprevert.fr\/wp-content\/uploads\/2016\/09\/Pr\u00e9vert_Coffret-Paroles-182x300.jpg 182w, https:\/\/jacquesprevert.fr\/wp-content\/uploads\/2016\/09\/Pr\u00e9vert_Coffret-Paroles.jpg 194w\" sizes=\"auto, (max-width: 182px) 100vw, 182px\" \/><\/a><\/p>\n<p><strong>Jacques Pr\u00e9vert<\/strong><\/p>\n<p><span style=\"color: #ba2929;\"><strong><em>Paroles<\/em><\/strong><\/span><\/p>\n<p><strong>Collection Folio<\/strong><strong> &#8211; Editions Gallimard<\/strong><\/p>\n<p>\u00c9dition sous \u00e9tui \u00e0 tirage limit\u00e9 comportant un livret illustr\u00e9 in\u00e9dit.<\/p>\n<p>R\u00e9\u00e9dition : 4 novembre 2016<\/p>\n<p>Le coffret r\u00e9unit sous \u00e9tui le volume <em>Paroles<\/em> de la collection Folio et un livret reproduisant des documents illustr\u00e9s \u00e9tabli par Alban Cerisier.<\/p>\n<p><a href=\"https:\/\/jacquesprevert.fr\/wp-content\/uploads\/2016\/09\/Pr\u00e9vert_inventaire-dune-vie.jpg\"><img loading=\"lazy\" decoding=\"async\" class=\"alignleft size-medium wp-image-2270\" src=\"https:\/\/jacquesprevert.fr\/wp-content\/uploads\/2016\/09\/Pr\u00e9vert_inventaire-dune-vie-210x300.jpg\" alt=\"Bernard Chard\u00e8re Jacques Pr\u00e9vert. Inventaire d\u2019une vie Collection D\u00e9couvertes Gallimard n\u00b0 315 - Editions Gallimard\" width=\"210\" height=\"300\" srcset=\"https:\/\/jacquesprevert.fr\/wp-content\/uploads\/2016\/09\/Pr\u00e9vert_inventaire-dune-vie-210x300.jpg 210w, https:\/\/jacquesprevert.fr\/wp-content\/uploads\/2016\/09\/Pr\u00e9vert_inventaire-dune-vie.jpg 250w\" sizes=\"auto, (max-width: 210px) 100vw, 210px\" \/><\/a><\/p>\n<p><strong>Bernard Chard\u00e8re<\/strong><\/p>\n<p><span style=\"color: #ba2929;\"><strong><em>Jacques Pr\u00e9vert. Inventaire d\u2019une vie<\/em><\/strong><\/span><\/p>\n<p><strong>Collection D\u00e9couvertes Gallimard<\/strong><strong> n\u00b0 315 &#8211; Editions Gallimard<\/strong><\/p>\n<p>R\u00e9\u00e9dition<\/p>\n<p>Un grand-p\u00e8re int\u00e9griste, un p\u00e8re qui taquine la plume, une petite bande, rue du Ch\u00e2teau. Le th\u00e9\u00e2tre, avec le Groupe Octobre, jusqu&#8217;au Front populaire. Le cin\u00e9ma avec ses amis, son fr\u00e8re Pierre, avec Carn\u00e9, Gr\u00e9millon &#8211; d\u00e9j\u00e0 les d\u00e9cors de Trauner et la musique de Kosma -, l&#8217;humour et la po\u00e9sie au cin\u00e9ma, de Dr\u00f4le de drame au Quai des brumes et aux <em>Enfants du paradis<\/em>. La guerre, \u00abOh Barbara\u00bb. Puis la po\u00e9sie, toute seule, mais qu&#8217;on chante d\u00e9j\u00e0 : Paroles de Jacques Pr\u00e9vert, la l\u00e9gende du XX<sup>e<\/sup> si\u00e8cle&#8230; En 1950, Pr\u00e9vert est dans les th\u00e9\u00e2tres, les librairies, sur les \u00e9crans, au music-hall, sur toutes les l\u00e8vres.\u00a0Choses et autres que raconte Bernard Chard\u00e8re, comme des Histoires ou comme un Inventaire de la vie de Jacques Pr\u00e9vert.<\/p>\n<p><a href=\"https:\/\/jacquesprevert.fr\/wp-content\/uploads\/2016\/09\/Pr\u00e9vert_Cailleaux-Bourhis-1.jpg\"><img loading=\"lazy\" decoding=\"async\" class=\"alignleft size-medium wp-image-2296\" src=\"https:\/\/jacquesprevert.fr\/wp-content\/uploads\/2016\/09\/Pr\u00e9vert_Cailleaux-Bourhis-1.jpg\" alt=\"Christian Cailleaux et Herv\u00e9 Bourhis Jacques Pr\u00e9vert n\u2019est pas un po\u00e8te Collection Air Libre - Editions Dupuis\" width=\"1\" height=\"1\" \/><\/a><\/p>","protected":false},"excerpt":{"rendered":"<p>En partenariat avec Fatras\/Succession Jacques Pr\u00e9vert : (retrouvez-nous \u00e9galement sur Facebook) Toutes les nouveaut\u00e9s : Jacques Pr\u00e9vert Ces chansons qui nous ressemblent Editions Jacques Canetti Coffret Collector 3 CD : 70 chansons et po\u00e8mes + 1 livret de 16 pages.\u00a035 grands interpr\u00e8tes dont 5 interpr\u00e8tes majeurs am\u00e9ricains Sortie le 1er octobre 2016 Ce coffret Jacques [&hellip;]<\/p>\n","protected":false},"author":3,"featured_media":2326,"comment_status":"closed","ping_status":"open","sticky":false,"template":"","format":"standard","meta":{"footnotes":""},"categories":[55],"tags":[56],"class_list":["post-2248","post","type-post","status-publish","format-standard","has-post-thumbnail","hentry","category-40-ans","tag-e","couleurs-red"],"aioseo_notices":[],"_links":{"self":[{"href":"https:\/\/jacquesprevert.fr\/en\/wp-json\/wp\/v2\/posts\/2248","targetHints":{"allow":["GET"]}}],"collection":[{"href":"https:\/\/jacquesprevert.fr\/en\/wp-json\/wp\/v2\/posts"}],"about":[{"href":"https:\/\/jacquesprevert.fr\/en\/wp-json\/wp\/v2\/types\/post"}],"author":[{"embeddable":true,"href":"https:\/\/jacquesprevert.fr\/en\/wp-json\/wp\/v2\/users\/3"}],"replies":[{"embeddable":true,"href":"https:\/\/jacquesprevert.fr\/en\/wp-json\/wp\/v2\/comments?post=2248"}],"version-history":[{"count":127,"href":"https:\/\/jacquesprevert.fr\/en\/wp-json\/wp\/v2\/posts\/2248\/revisions"}],"predecessor-version":[{"id":2607,"href":"https:\/\/jacquesprevert.fr\/en\/wp-json\/wp\/v2\/posts\/2248\/revisions\/2607"}],"wp:featuredmedia":[{"embeddable":true,"href":"https:\/\/jacquesprevert.fr\/en\/wp-json\/wp\/v2\/media\/2326"}],"wp:attachment":[{"href":"https:\/\/jacquesprevert.fr\/en\/wp-json\/wp\/v2\/media?parent=2248"}],"wp:term":[{"taxonomy":"category","embeddable":true,"href":"https:\/\/jacquesprevert.fr\/en\/wp-json\/wp\/v2\/categories?post=2248"},{"taxonomy":"post_tag","embeddable":true,"href":"https:\/\/jacquesprevert.fr\/en\/wp-json\/wp\/v2\/tags?post=2248"}],"curies":[{"name":"wp","href":"https:\/\/api.w.org\/{rel}","templated":true}]}}