{"id":2108,"date":"2015-08-04T09:59:54","date_gmt":"2015-08-04T08:59:54","guid":{"rendered":"https:\/\/jacquesprevert.fr\/?p=2108"},"modified":"2016-03-21T12:24:31","modified_gmt":"2016-03-21T11:24:31","slug":"les-amants-de-verone-en-version-restauree-dvd-et-blu-ray","status":"publish","type":"post","link":"https:\/\/jacquesprevert.fr\/en\/2015\/08\/04\/les-amants-de-verone-en-version-restauree-dvd-et-blu-ray\/","title":{"rendered":"(Fran\u00e7ais) &#8220;Les Amants de V\u00e9rone&#8221; en version restaur\u00e9e DVD et Blu-Ray"},"content":{"rendered":"<p class=\"qtranxs-available-languages-message qtranxs-available-languages-message-en\">Sorry, this entry is only available in <a href=\"https:\/\/jacquesprevert.fr\/fr\/wp-json\/wp\/v2\/posts\/2108\" class=\"qtranxs-available-language-link qtranxs-available-language-link-fr\" title=\"Fran\u00e7ais\">Fran\u00e7ais<\/a>.<\/p>","protected":false},"excerpt":{"rendered":"<p>Sorry, this entry is only available in Fran\u00e7ais.<\/p>\n","protected":false},"author":3,"featured_media":2132,"comment_status":"closed","ping_status":"open","sticky":false,"template":"","format":"standard","meta":{"footnotes":""},"categories":[8],"tags":[],"class_list":["post-2108","post","type-post","status-publish","format-standard","has-post-thumbnail","hentry","category-audiovisuel","couleurs-red"],"aioseo_notices":[],"_links":{"self":[{"href":"https:\/\/jacquesprevert.fr\/en\/wp-json\/wp\/v2\/posts\/2108","targetHints":{"allow":["GET"]}}],"collection":[{"href":"https:\/\/jacquesprevert.fr\/en\/wp-json\/wp\/v2\/posts"}],"about":[{"href":"https:\/\/jacquesprevert.fr\/en\/wp-json\/wp\/v2\/types\/post"}],"author":[{"embeddable":true,"href":"https:\/\/jacquesprevert.fr\/en\/wp-json\/wp\/v2\/users\/3"}],"replies":[{"embeddable":true,"href":"https:\/\/jacquesprevert.fr\/en\/wp-json\/wp\/v2\/comments?post=2108"}],"version-history":[{"count":28,"href":"https:\/\/jacquesprevert.fr\/en\/wp-json\/wp\/v2\/posts\/2108\/revisions"}],"predecessor-version":[{"id":2138,"href":"https:\/\/jacquesprevert.fr\/en\/wp-json\/wp\/v2\/posts\/2108\/revisions\/2138"}],"wp:featuredmedia":[{"embeddable":true,"href":"https:\/\/jacquesprevert.fr\/en\/wp-json\/wp\/v2\/media\/2132"}],"wp:attachment":[{"href":"https:\/\/jacquesprevert.fr\/en\/wp-json\/wp\/v2\/media?parent=2108"}],"wp:term":[{"taxonomy":"category","embeddable":true,"href":"https:\/\/jacquesprevert.fr\/en\/wp-json\/wp\/v2\/categories?post=2108"},{"taxonomy":"post_tag","embeddable":true,"href":"https:\/\/jacquesprevert.fr\/en\/wp-json\/wp\/v2\/tags?post=2108"}],"curies":[{"name":"wp","href":"https:\/\/api.w.org\/{rel}","templated":true}]}}