{"id":2074,"date":"2015-05-19T09:02:56","date_gmt":"2015-05-19T08:02:56","guid":{"rendered":"https:\/\/jacquesprevert.fr\/?p=2074"},"modified":"2015-08-04T10:00:08","modified_gmt":"2015-08-04T09:00:08","slug":"les-23-et-24-mai-la-maison-jacques-prevert-fete-ses-20-ans","status":"publish","type":"post","link":"https:\/\/jacquesprevert.fr\/en\/2015\/05\/19\/les-23-et-24-mai-la-maison-jacques-prevert-fete-ses-20-ans\/","title":{"rendered":"(Fran\u00e7ais) Les 23 et 24 mai, la Maison Jacques Pr\u00e9vert f\u00eate ses 20 ans !"},"content":{"rendered":"<p class=\"qtranxs-available-languages-message qtranxs-available-languages-message-en\">Sorry, this entry is only available in <a href=\"https:\/\/jacquesprevert.fr\/fr\/wp-json\/wp\/v2\/posts\/2074\" class=\"qtranxs-available-language-link qtranxs-available-language-link-fr\" title=\"Fran\u00e7ais\">Fran\u00e7ais<\/a>.<\/p>","protected":false},"excerpt":{"rendered":"<p>Sorry, this entry is only available in Fran\u00e7ais.<\/p>\n","protected":false},"author":3,"featured_media":2075,"comment_status":"closed","ping_status":"closed","sticky":false,"template":"","format":"standard","meta":{"footnotes":""},"categories":[9],"tags":[],"class_list":["post-2074","post","type-post","status-publish","format-standard","has-post-thumbnail","hentry","category-exposition","couleurs-red"],"aioseo_notices":[],"_links":{"self":[{"href":"https:\/\/jacquesprevert.fr\/en\/wp-json\/wp\/v2\/posts\/2074","targetHints":{"allow":["GET"]}}],"collection":[{"href":"https:\/\/jacquesprevert.fr\/en\/wp-json\/wp\/v2\/posts"}],"about":[{"href":"https:\/\/jacquesprevert.fr\/en\/wp-json\/wp\/v2\/types\/post"}],"author":[{"embeddable":true,"href":"https:\/\/jacquesprevert.fr\/en\/wp-json\/wp\/v2\/users\/3"}],"replies":[{"embeddable":true,"href":"https:\/\/jacquesprevert.fr\/en\/wp-json\/wp\/v2\/comments?post=2074"}],"version-history":[{"count":9,"href":"https:\/\/jacquesprevert.fr\/en\/wp-json\/wp\/v2\/posts\/2074\/revisions"}],"predecessor-version":[{"id":2139,"href":"https:\/\/jacquesprevert.fr\/en\/wp-json\/wp\/v2\/posts\/2074\/revisions\/2139"}],"wp:featuredmedia":[{"embeddable":true,"href":"https:\/\/jacquesprevert.fr\/en\/wp-json\/wp\/v2\/media\/2075"}],"wp:attachment":[{"href":"https:\/\/jacquesprevert.fr\/en\/wp-json\/wp\/v2\/media?parent=2074"}],"wp:term":[{"taxonomy":"category","embeddable":true,"href":"https:\/\/jacquesprevert.fr\/en\/wp-json\/wp\/v2\/categories?post=2074"},{"taxonomy":"post_tag","embeddable":true,"href":"https:\/\/jacquesprevert.fr\/en\/wp-json\/wp\/v2\/tags?post=2074"}],"curies":[{"name":"wp","href":"https:\/\/api.w.org\/{rel}","templated":true}]}}