{"id":1765,"date":"2014-10-30T11:07:00","date_gmt":"2014-10-30T11:07:00","guid":{"rendered":"https:\/\/jacquesprevert.fr\/?p=1765"},"modified":"2015-01-20T17:15:41","modified_gmt":"2015-01-20T17:15:41","slug":"jacques-prevert-en-bande-dessinee","status":"publish","type":"post","link":"https:\/\/jacquesprevert.fr\/en\/2014\/10\/30\/jacques-prevert-en-bande-dessinee\/","title":{"rendered":"Jacques Pr\u00e9vert en bande dessin\u00e9e"},"content":{"rendered":"<p><\/p>\n<p style=\"text-align: center;\"><span style=\"color: #000000;\">Tome 1<\/span><\/p>\n<h2 style=\"text-align: center;\"><span style=\"color: #333333;\">Pr\u00e9vert, inventeur<\/span><\/h2>\n<p style=\"text-align: center;\"><strong>BD sign\u00e9e Christian Cailleaux et Herv\u00e9 Bourhis <\/strong><\/p>\n<p style=\"text-align: center;\">vient de para\u00eetre\u00a0aux \u00e9ditions <strong><a href=\"http:\/\/www.dupuis.com\/prevert-inventeur\/bd\/prevert-inventeur-prevert-inventeur\/58080\" target=\"_blank\">Dupuis<\/a><\/strong><\/p>\n<p style=\"text-align: center;\">dans la collection Aire Libre<\/p>\n<p style=\"text-align: center;\"><span style=\"color: #808080;\"><label>ISBN :<\/label>978-2-8001-6226-3<\/span><\/p>\n<p style=\"text-align: center;\"><a href=\"https:\/\/jacquesprevert.fr\/wp-content\/uploads\/2014\/09\/BD-Pr\u00e9vert-inventeur-planche-0.jpg\"><img loading=\"lazy\" decoding=\"async\" class=\"aligncenter size-medium wp-image-1769\" src=\"https:\/\/jacquesprevert.fr\/wp-content\/uploads\/2014\/09\/BD-Pr\u00e9vert-inventeur-planche-0-205x300.jpg\" alt=\"BD Pr\u00e9vert inventeur planche 0\" width=\"205\" height=\"300\" srcset=\"https:\/\/jacquesprevert.fr\/wp-content\/uploads\/2014\/09\/BD-Pr\u00e9vert-inventeur-planche-0-205x300.jpg 205w, https:\/\/jacquesprevert.fr\/wp-content\/uploads\/2014\/09\/BD-Pr\u00e9vert-inventeur-planche-0.jpg 584w\" sizes=\"auto, (max-width: 205px) 100vw, 205px\" \/><\/a><\/p>\n<p style=\"text-align: center;\"><a href=\"https:\/\/jacquesprevert.fr\/wp-content\/uploads\/2014\/09\/BD-Pr\u00e9vert-inventeur-planche.jpg\"><img loading=\"lazy\" decoding=\"async\" class=\"aligncenter size-medium wp-image-1767\" src=\"https:\/\/jacquesprevert.fr\/wp-content\/uploads\/2014\/09\/BD-Pr\u00e9vert-inventeur-planche-205x300.jpg\" alt=\"Player BD\" width=\"205\" height=\"300\" srcset=\"https:\/\/jacquesprevert.fr\/wp-content\/uploads\/2014\/09\/BD-Pr\u00e9vert-inventeur-planche-205x300.jpg 205w, https:\/\/jacquesprevert.fr\/wp-content\/uploads\/2014\/09\/BD-Pr\u00e9vert-inventeur-planche.jpg 291w\" sizes=\"auto, (max-width: 205px) 100vw, 205px\" \/><\/a><\/p>\n<p><\/p>","protected":false},"excerpt":{"rendered":"<p>Tome 1 Pr\u00e9vert, inventeur BD sign\u00e9e Christian Cailleaux et Herv\u00e9 Bourhis vient de para\u00eetre\u00a0aux \u00e9ditions Dupuis dans la collection Aire Libre ISBN :978-2-8001-6226-3<\/p>\n","protected":false},"author":3,"featured_media":1766,"comment_status":"closed","ping_status":"open","sticky":false,"template":"","format":"standard","meta":{"footnotes":""},"categories":[10],"tags":[33],"class_list":["post-1765","post","type-post","status-publish","format-standard","has-post-thumbnail","hentry","category-edition","tag-prevert-inventeur-dupuis-aire-libre-bd-bande-dessinee-cailleaux-bourhis-2014","couleurs-green"],"aioseo_notices":[],"_links":{"self":[{"href":"https:\/\/jacquesprevert.fr\/en\/wp-json\/wp\/v2\/posts\/1765","targetHints":{"allow":["GET"]}}],"collection":[{"href":"https:\/\/jacquesprevert.fr\/en\/wp-json\/wp\/v2\/posts"}],"about":[{"href":"https:\/\/jacquesprevert.fr\/en\/wp-json\/wp\/v2\/types\/post"}],"author":[{"embeddable":true,"href":"https:\/\/jacquesprevert.fr\/en\/wp-json\/wp\/v2\/users\/3"}],"replies":[{"embeddable":true,"href":"https:\/\/jacquesprevert.fr\/en\/wp-json\/wp\/v2\/comments?post=1765"}],"version-history":[{"count":6,"href":"https:\/\/jacquesprevert.fr\/en\/wp-json\/wp\/v2\/posts\/1765\/revisions"}],"predecessor-version":[{"id":1842,"href":"https:\/\/jacquesprevert.fr\/en\/wp-json\/wp\/v2\/posts\/1765\/revisions\/1842"}],"wp:featuredmedia":[{"embeddable":true,"href":"https:\/\/jacquesprevert.fr\/en\/wp-json\/wp\/v2\/media\/1766"}],"wp:attachment":[{"href":"https:\/\/jacquesprevert.fr\/en\/wp-json\/wp\/v2\/media?parent=1765"}],"wp:term":[{"taxonomy":"category","embeddable":true,"href":"https:\/\/jacquesprevert.fr\/en\/wp-json\/wp\/v2\/categories?post=1765"},{"taxonomy":"post_tag","embeddable":true,"href":"https:\/\/jacquesprevert.fr\/en\/wp-json\/wp\/v2\/tags?post=1765"}],"curies":[{"name":"wp","href":"https:\/\/api.w.org\/{rel}","templated":true}]}}