{"id":1636,"date":"2014-08-26T09:50:57","date_gmt":"2014-08-26T09:50:57","guid":{"rendered":"https:\/\/jacquesprevert.fr\/?p=1636"},"modified":"2014-10-13T08:16:43","modified_gmt":"2014-10-13T08:16:43","slug":"la-fete-des-vendanges-met-a-lhonneur-les-poetes-de-montmartre","status":"publish","type":"post","link":"https:\/\/jacquesprevert.fr\/en\/2014\/08\/26\/la-fete-des-vendanges-met-a-lhonneur-les-poetes-de-montmartre\/","title":{"rendered":"La F\u00eate des Vendanges met \u00e0 l&#8217;honneur les po\u00e8tes de Montmartre"},"content":{"rendered":"<p><\/p>\n<h6 style=\"text-align: center;\">Collage original de Jacques Pr\u00e9vert\u00a0r\u00e9alis\u00e9 pour sa fille sur un exemplaire de\u00a0\u00ab Charmes de Londres \u00bb,\u00a0livre de Jacques\u00a0Pr\u00e9vert<\/h6>\n<h6 style=\"text-align: center;\">\u00a0(textes)\u00a0et Izis (photographies),\u00a01952. Collection priv\u00e9e Jacques Pr\u00e9vert \u00a9 Fatras \/ Succession Jacques Pr\u00e9vert<\/h6>\n<h6 style=\"text-align: center;\">Graphisme : Claire Dupoizat<\/h6>\n<p>&nbsp;<\/p>\n<h6><\/h6>\n<h3 style=\"text-align: center;\"><\/h3>\n<h2 style=\"text-align: center;\"><span style=\"color: #000000;\">La F\u00eate des Vendanges de Montmartre f\u00eate les po\u00e8tes\u00a0<\/span><\/h2>\n<h3 style=\"text-align: center;\"><span style=\"color: #808080;\">du 8 au 12 octobre 2014<\/span><\/h3>\n<p><strong>L&#8217;affiche\u00a0<\/strong><\/p>\n<p style=\"text-align: left;\">Pratiqu\u00e9 de fa\u00e7on intense durant pr\u00e8s de\u00a030 ans, le collage est une facette importante\u00a0et pourtant peu connue de l&#8217;oeuvre de Jacques Pr\u00e9vert.\u00a0Celui choisi pour cette nouvelle F\u00eate des\u00a0Vendanges a \u00e9t\u00e9 r\u00e9alis\u00e9 par Jacques Pr\u00e9vert\u00a0pour sa fille Mich\u00e8le sur une \u00e9dition\u00a0originale de <em>Charmes de Londres<\/em> (1952).<\/p>\n<p style=\"text-align: left;\">Combinant harmonieusement textes et\u00a0photographies, ce livre est le fruit de plusieurs\u00a0s\u00e9jours r\u00e9alis\u00e9s \u00e0 Londres avec son\u00a0ami le photographe <span style=\"color: #000000;\"><a href=\"http:\/\/fr.actuphoto.com\/izis-israel-bidermanas#Exposition\" target=\"_blank\"><span style=\"color: #000000;\"><strong>Izis<\/strong><\/span><\/a><\/span>, c\u2019est aussi leur\u00a0seconde collaboration apr\u00e8s <em>Grand Bal de\u00a0printemps<\/em> (1951) sur Paris.<\/p>\n<p style=\"text-align: left;\">Enrichi par l\u2019intervention\u00a0de Jacques Pr\u00e9vert sur chaque\u00a0image d\u2019Izis, cet exemplaire unique r\u00e9v\u00e8le\u00a0toute la magie et la fantaisie des collages de\u00a0l\u2019artiste pour qui la po\u00e9sie est \u00ab un des plus\u00a0vrais, un des plus utiles surnoms de la vie \u00bb.<\/p>\n<p style=\"text-align: center;\">\n<p style=\"text-align: center;\">\n<p style=\"text-align: center;\"><span style=\"color: #000000;\">Retrouvez le programme\u00a0<span style=\"color: #000000;\">complet\u00a0<\/span><\/span><span style=\"color: #000000;\"><span style=\"color: #808000;\"><span style=\"color: #000000;\"><span style=\"color: #000000;\">de la\u00a0<\/span><\/span><\/span><\/span><span style=\"color: #808000;\"><span style=\"color: #000000;\"><span>F\u00eate des Vendanges de Montmartre<\/span>\u00a0<\/span><\/span><a style=\"font-size: 13px; line-height: 19px;\" href=\"http:\/\/www.fetedesvendangesdemontmartre.com\" target=\"_blank\"><strong><span style=\"color: #808000;\">ici<\/span><\/strong><\/a><\/p>\n<p style=\"text-align: center;\">\n<p style=\"text-align: center;\">\n<p style=\"text-align: center;\">\n<p>Pour l&#8217;occasion, <strong>deux visites exceptionnelles de l&#8217;appartement de Jacques Pr\u00e9vert<\/strong> sont organis\u00e9es le vendredi 10 octobre \u00e0 15h et 16h30. <span style=\"color: #808000;\"><a href=\"http:\/\/www.fetedesvendangesdemontmartre.com\/s-inscrire\/\" target=\"_blank\"><span style=\"color: #808000;\">Renseignements et inscriptions<\/span><\/a><strong><\/strong> <\/span><\/p>\n<p>La Biblioth\u00e8que Maurice Genevoix &#8211; 19 rue Tristan Tzara Paris 18e &#8211; accueillera \u00e9galement du 7 au 11 octobre\u00a0l&#8217;<strong>exposition &#8220;Les collages de Jacques Pr\u00e9vert&#8221;<\/strong>.\u00a0Con\u00e7ue par Fatras \/\u00a0Succession Jacques Pr\u00e9vert, cette exposition\u00a0r\u00e9unit une vingtaine de collages issus\u00a0de la Collection priv\u00e9e Jacques Pr\u00e9vert et\u00a0de la Biblioth\u00e8que nationale de France. Horaires d&#8217;ouvertures : mardi et jeudi de 16h \u00e0 18h \/ mercredi et vendredi de 12h \u00e0 18h \/ samedi de 10h \u00e0 18h<\/p>","protected":false},"excerpt":{"rendered":"<p>Collage original de Jacques Pr\u00e9vert\u00a0r\u00e9alis\u00e9 pour sa fille sur un exemplaire de\u00a0\u00ab Charmes de Londres \u00bb,\u00a0livre de Jacques\u00a0Pr\u00e9vert \u00a0(textes)\u00a0et Izis (photographies),\u00a01952. Collection priv\u00e9e Jacques Pr\u00e9vert \u00a9 Fatras \/ Succession Jacques Pr\u00e9vert Graphisme : Claire Dupoizat &nbsp; La F\u00eate des Vendanges de Montmartre f\u00eate les po\u00e8tes\u00a0 du 8 au 12 octobre 2014 L&#8217;affiche\u00a0 Pratiqu\u00e9 de fa\u00e7on [&hellip;]<\/p>\n","protected":false},"author":3,"featured_media":1664,"comment_status":"closed","ping_status":"open","sticky":false,"template":"","format":"standard","meta":{"footnotes":""},"categories":[1],"tags":[32],"class_list":["post-1636","post","type-post","status-publish","format-standard","has-post-thumbnail","hentry","category-others","tag-fete-des-vendanges-montmartre-poete-2014-paris-18e-prevert-iris","couleurs-yellow"],"aioseo_notices":[],"_links":{"self":[{"href":"https:\/\/jacquesprevert.fr\/en\/wp-json\/wp\/v2\/posts\/1636","targetHints":{"allow":["GET"]}}],"collection":[{"href":"https:\/\/jacquesprevert.fr\/en\/wp-json\/wp\/v2\/posts"}],"about":[{"href":"https:\/\/jacquesprevert.fr\/en\/wp-json\/wp\/v2\/types\/post"}],"author":[{"embeddable":true,"href":"https:\/\/jacquesprevert.fr\/en\/wp-json\/wp\/v2\/users\/3"}],"replies":[{"embeddable":true,"href":"https:\/\/jacquesprevert.fr\/en\/wp-json\/wp\/v2\/comments?post=1636"}],"version-history":[{"count":47,"href":"https:\/\/jacquesprevert.fr\/en\/wp-json\/wp\/v2\/posts\/1636\/revisions"}],"predecessor-version":[{"id":1799,"href":"https:\/\/jacquesprevert.fr\/en\/wp-json\/wp\/v2\/posts\/1636\/revisions\/1799"}],"wp:featuredmedia":[{"embeddable":true,"href":"https:\/\/jacquesprevert.fr\/en\/wp-json\/wp\/v2\/media\/1664"}],"wp:attachment":[{"href":"https:\/\/jacquesprevert.fr\/en\/wp-json\/wp\/v2\/media?parent=1636"}],"wp:term":[{"taxonomy":"category","embeddable":true,"href":"https:\/\/jacquesprevert.fr\/en\/wp-json\/wp\/v2\/categories?post=1636"},{"taxonomy":"post_tag","embeddable":true,"href":"https:\/\/jacquesprevert.fr\/en\/wp-json\/wp\/v2\/tags?post=1636"}],"curies":[{"name":"wp","href":"https:\/\/api.w.org\/{rel}","templated":true}]}}