{"id":1497,"date":"2014-03-12T09:38:43","date_gmt":"2014-03-12T09:38:43","guid":{"rendered":"https:\/\/jacquesprevert.fr\/?p=1497"},"modified":"2014-06-16T09:59:53","modified_gmt":"2014-06-16T09:59:53","slug":"decouvrez-a-partir-du-23-mars-en-sortant-de-lecole","status":"publish","type":"post","link":"https:\/\/jacquesprevert.fr\/en\/2014\/03\/12\/decouvrez-a-partir-du-23-mars-en-sortant-de-lecole\/","title":{"rendered":"D\u00e9couvrez la collection de courts-m\u00e9trages &#8220;En sortant de l&#8217;\u00e9cole&#8221;"},"content":{"rendered":"<h2 style=\"text-align: center;\"><span style=\"color: #da2433;\">En sortant de l&#8217;\u00e9cole<\/span><\/h2>\n<h3 style=\"text-align: center;\"><span style=\"color: #333333;\"><strong>Jacques Pr\u00e9vert<\/strong><\/span><\/h3>\n<h3 style=\"text-align: center;\"><span style=\"color: #808080;\"><strong>1\u00e8re s\u00e9rie d&#8217;animation d\u00e9di\u00e9e \u00e0 la po\u00e9sie \u00e0 destination du jeune public<\/strong><\/span><\/h3>\n<p style=\"text-align: center;\"><strong>D\u00e9couvrez les 13 courts-m\u00e9trages en cliquant <a href=\"http:\/\/www.ludo-ensortantdelecole.com\" target=\"_blank\">ICI<\/a><\/strong><\/p>\n<p style=\"text-align: justify;\"><em>En sortant de l\u2019\u00e9cole\u00a0<\/em>est une collection de treize courts m\u00e9trages d\u2019animation de trois minutes, qui se propose d\u2019associer po\u00e9tiquement, dans la libert\u00e9 artistique la plus exigeante, treize po\u00e8mes de Jacques Pr\u00e9vert \u00e0 l\u2019univers graphique de jeunes r\u00e9alisateurs tout juste sortis des \u00e9coles d\u2019animation fran\u00e7aises (ENSAD, EMCA, Gobelins, La Poudri\u00e8re\u2026).\u00a0La diversit\u00e9 des techniques est une des cl\u00e9s de vo\u00fbte de cette collection\u00a0: <em>stop motion<\/em>, animation traditionnelle, papier d\u00e9coup\u00e9, 2D num\u00e9rique, 3D\u2026<\/p>\n<p style=\"text-align: justify;\">A l\u2019issue d\u2019une s\u00e9lection drastique \u00e0 laquelle se sont associ\u00e9s Pierre Siracusa et Tiphaine de Raguenel (France T\u00e9l\u00e9visions), Eug\u00e9nie Bachelot Pr\u00e9vert (la petite-fille de Jacques Pr\u00e9vert) et Delphine Maury (Tant Mieux Prod), ils ont rencontr\u00e9 30 jeunes gens dont l\u2019adaptation les a touch\u00e9. Au terme\u00a0de ces entretiens, auxquels a particip\u00e9 Benjamin Renner, r\u00e9alisateur d\u2019Ernest et C\u00e9lestine et parrain de la collection, 15 jeunes r\u00e9alisateurs ont \u00e9t\u00e9 retenus (dont deux duos). Ils ont entre 19 et 29 ans et 13 sur 15 sont des femmes\u00a0!<\/p>\n<p style=\"text-align: justify;\">Coproduction : Tant Mieux Prod \/ Bayard Jeunesse Animation \/ France T\u00e9l\u00e9visions<\/p>\n<p style=\"text-align: center;\"><strong><span style=\"color: #000000;\"><a href=\"http:\/\/www.ludo-ensortantdelecole.com\" target=\"_blank\">En savoir plus<\/a><\/span><\/strong><\/p>\n<p style=\"text-align: center;\">Egalement disponible en DVD<\/p>\n<p style=\"text-align: center;\"><a style=\"text-align: left;\" href=\"https:\/\/jacquesprevert.fr\/wp-content\/uploads\/2014\/03\/1508-1.jpg\"><img loading=\"lazy\" decoding=\"async\" class=\"size-full wp-image-1508 aligncenter\" title=\"1508-1\" src=\"https:\/\/jacquesprevert.fr\/wp-content\/uploads\/2014\/03\/1508-1.jpg\" alt=\"\" width=\"110\" height=\"154\" \/><\/a><\/p>\n","protected":false},"excerpt":{"rendered":"<p>En sortant de l&#8217;\u00e9cole Jacques Pr\u00e9vert 1\u00e8re s\u00e9rie d&#8217;animation d\u00e9di\u00e9e \u00e0 la po\u00e9sie \u00e0 destination du jeune public D\u00e9couvrez les 13 courts-m\u00e9trages en cliquant ICI En sortant de l\u2019\u00e9cole\u00a0est une collection de treize courts m\u00e9trages d\u2019animation de trois minutes, qui se propose d\u2019associer po\u00e9tiquement, dans la libert\u00e9 artistique la plus exigeante, treize po\u00e8mes de Jacques [&hellip;]<\/p>\n","protected":false},"author":3,"featured_media":1507,"comment_status":"open","ping_status":"open","sticky":false,"template":"","format":"standard","meta":{"footnotes":""},"categories":[8],"tags":[15,20,18,19,16,21],"class_list":["post-1497","post","type-post","status-publish","format-standard","has-post-thumbnail","hentry","category-audiovisuel","tag-animation","tag-court-metrage","tag-en-sortant-de-lecole","tag-france-television","tag-jacques-prevert","tag-tant-mieux-production","couleurs-yellow"],"aioseo_notices":[],"_links":{"self":[{"href":"https:\/\/jacquesprevert.fr\/en\/wp-json\/wp\/v2\/posts\/1497","targetHints":{"allow":["GET"]}}],"collection":[{"href":"https:\/\/jacquesprevert.fr\/en\/wp-json\/wp\/v2\/posts"}],"about":[{"href":"https:\/\/jacquesprevert.fr\/en\/wp-json\/wp\/v2\/types\/post"}],"author":[{"embeddable":true,"href":"https:\/\/jacquesprevert.fr\/en\/wp-json\/wp\/v2\/users\/3"}],"replies":[{"embeddable":true,"href":"https:\/\/jacquesprevert.fr\/en\/wp-json\/wp\/v2\/comments?post=1497"}],"version-history":[{"count":27,"href":"https:\/\/jacquesprevert.fr\/en\/wp-json\/wp\/v2\/posts\/1497\/revisions"}],"predecessor-version":[{"id":1574,"href":"https:\/\/jacquesprevert.fr\/en\/wp-json\/wp\/v2\/posts\/1497\/revisions\/1574"}],"wp:featuredmedia":[{"embeddable":true,"href":"https:\/\/jacquesprevert.fr\/en\/wp-json\/wp\/v2\/media\/1507"}],"wp:attachment":[{"href":"https:\/\/jacquesprevert.fr\/en\/wp-json\/wp\/v2\/media?parent=1497"}],"wp:term":[{"taxonomy":"category","embeddable":true,"href":"https:\/\/jacquesprevert.fr\/en\/wp-json\/wp\/v2\/categories?post=1497"},{"taxonomy":"post_tag","embeddable":true,"href":"https:\/\/jacquesprevert.fr\/en\/wp-json\/wp\/v2\/tags?post=1497"}],"curies":[{"name":"wp","href":"https:\/\/api.w.org\/{rel}","templated":true}]}}