{"id":1461,"date":"2014-02-26T11:43:29","date_gmt":"2014-02-26T11:43:29","guid":{"rendered":"https:\/\/jacquesprevert.fr\/?p=1461"},"modified":"2014-07-01T07:53:16","modified_gmt":"2014-07-01T07:53:16","slug":"nouvelle-exposition-itinerante-les-collages-de-jacques-prevert-a-wambrechies","status":"publish","type":"post","link":"https:\/\/jacquesprevert.fr\/en\/2014\/02\/26\/nouvelle-exposition-itinerante-les-collages-de-jacques-prevert-a-wambrechies\/","title":{"rendered":"Nouvelle exposition &#8220;Les collages de Jacques Pr\u00e9vert&#8221; \u00e0 Wambrechies 11-19.03"},"content":{"rendered":"<address style=\"text-align: center;\"><strong><span style=\"color: #000000;\">A l&#8217;occasion du Printemps des Po\u00e8tes\u00a0<\/span><\/strong><\/address>\n<p style=\"text-align: center;\"><strong><span style=\"color: #000000;\">La ville de Wambrechies met \u00e0 l&#8217;honneur Jacques Pr\u00e9vert<\/span><\/strong><\/p>\n<p style=\"text-align: center;\"><strong><\/strong><strong><span style=\"color: #000000;\">et accueille la nouvelle exposition itin\u00e9rante<\/span><\/strong><\/p>\n<h2 style=\"text-align: center;\"><span style=\"color: #6c6c6c;\">Les collages de Jacques Pr\u00e9vert<\/span><\/h2>\n<p style=\"text-align: center;\">\n<p style=\"text-align: center;\"><span style=\"color: #000000;\"><strong>au Ch\u00e2teau de Robersart <strong>du 11 au 19 mars 2014<\/strong><\/strong><\/span><\/p>\n<p style=\"text-align: center;\">Tout public, entr\u00e9e libre<\/p>\n<p style=\"text-align: center;\">\n<p style=\"text-align: center;\">Egalement au programme\u00a0un spectacle,\u00a0<em>Pr\u00eaverT<\/em>\u00a0et une journ\u00e9e sp\u00e9ciale d&#8217;<em>Histoires \u00e0 Savourer<\/em>.\u00a0Sans oublier le concours de po\u00e9sie lanc\u00e9 en amont sur le th\u00e8me de l&#8217;inventaire si cher \u00e0 Pr\u00e9vert, et dont la remise des prix se fait \u00e0 l&#8217;occasion du vernissage de l&#8217;exposition, le 11 mars.<\/p>\n<p style=\"text-align: center;\"><a href=\"http:\/\/www.wambrechies.fr\/Services-en-ligne\/Actualites\/Plongez-en-poesie\" target=\"_blank\"><strong>En savoir plus<\/strong><\/a><\/p>\n<p style=\"text-align: center;\">\n<p style=\"text-align: center;\"><span style=\"color: #808080;\"><em>Ill. : Jacques Pr\u00e9vert, &#8220;Le R\u00e8gne animal&#8221;, collage sur illustration. Collection Biblioth\u00e8que nationale de France \u00a9 Fatras\/Succession Jacques Pr\u00e9vert\u00a0<\/em><\/span><\/p>\n<p style=\"text-align: center;\">\n","protected":false},"excerpt":{"rendered":"<p>A l&#8217;occasion du Printemps des Po\u00e8tes\u00a0 La ville de Wambrechies met \u00e0 l&#8217;honneur Jacques Pr\u00e9vert et accueille la nouvelle exposition itin\u00e9rante Les collages de Jacques Pr\u00e9vert au Ch\u00e2teau de Robersart du 11 au 19 mars 2014 Tout public, entr\u00e9e libre Egalement au programme\u00a0un spectacle,\u00a0Pr\u00eaverT\u00a0et une journ\u00e9e sp\u00e9ciale d&#8217;Histoires \u00e0 Savourer.\u00a0Sans oublier le concours de po\u00e9sie [&hellip;]<\/p>\n","protected":false},"author":3,"featured_media":1466,"comment_status":"open","ping_status":"open","sticky":false,"template":"","format":"standard","meta":{"footnotes":""},"categories":[9],"tags":[30,29,16,31],"class_list":["post-1461","post","type-post","status-publish","format-standard","has-post-thumbnail","hentry","category-exposition","tag-art","tag-collage","tag-jacques-prevert","tag-wambrechies","couleurs-red"],"aioseo_notices":[],"_links":{"self":[{"href":"https:\/\/jacquesprevert.fr\/en\/wp-json\/wp\/v2\/posts\/1461","targetHints":{"allow":["GET"]}}],"collection":[{"href":"https:\/\/jacquesprevert.fr\/en\/wp-json\/wp\/v2\/posts"}],"about":[{"href":"https:\/\/jacquesprevert.fr\/en\/wp-json\/wp\/v2\/types\/post"}],"author":[{"embeddable":true,"href":"https:\/\/jacquesprevert.fr\/en\/wp-json\/wp\/v2\/users\/3"}],"replies":[{"embeddable":true,"href":"https:\/\/jacquesprevert.fr\/en\/wp-json\/wp\/v2\/comments?post=1461"}],"version-history":[{"count":31,"href":"https:\/\/jacquesprevert.fr\/en\/wp-json\/wp\/v2\/posts\/1461\/revisions"}],"predecessor-version":[{"id":1620,"href":"https:\/\/jacquesprevert.fr\/en\/wp-json\/wp\/v2\/posts\/1461\/revisions\/1620"}],"wp:featuredmedia":[{"embeddable":true,"href":"https:\/\/jacquesprevert.fr\/en\/wp-json\/wp\/v2\/media\/1466"}],"wp:attachment":[{"href":"https:\/\/jacquesprevert.fr\/en\/wp-json\/wp\/v2\/media?parent=1461"}],"wp:term":[{"taxonomy":"category","embeddable":true,"href":"https:\/\/jacquesprevert.fr\/en\/wp-json\/wp\/v2\/categories?post=1461"},{"taxonomy":"post_tag","embeddable":true,"href":"https:\/\/jacquesprevert.fr\/en\/wp-json\/wp\/v2\/tags?post=1461"}],"curies":[{"name":"wp","href":"https:\/\/api.w.org\/{rel}","templated":true}]}}