{"id":1425,"date":"2014-06-11T10:42:22","date_gmt":"2014-06-11T10:42:22","guid":{"rendered":"https:\/\/jacquesprevert.fr\/?p=1425"},"modified":"2014-07-29T09:29:50","modified_gmt":"2014-07-29T09:29:50","slug":"les-enfants-du-paradis-au-theatre-du-lucernaire-05-02-30-03","status":"publish","type":"post","link":"https:\/\/jacquesprevert.fr\/en\/2014\/06\/11\/les-enfants-du-paradis-au-theatre-du-lucernaire-05-02-30-03\/","title":{"rendered":"Les Enfants du paradis au Festival d&#8217;Avignon"},"content":{"rendered":"<p style=\"text-align: center;\">Apr\u00e8s 4 mois de repr\u00e9sentations au Lucernaire \u00e0 Paris<\/p>\n<h2 style=\"text-align: center;\"><span style=\"color: #333333;\">le spectacle &#8220;Les Enfants du paradis&#8221;<\/span><\/h2>\n<p style=\"text-align: center;\"><span style=\"color: #000000;\">d&#8217;apr\u00e8s le sc\u00e9nario de Jacques Pr\u00e9vert<\/span><\/p>\n<address style=\"text-align: center;\"><span style=\"color: #000000;\">Adaptation : Philippe Honor\u00e9 \/\u00a0<\/span><span style=\"color: #000000;\">Mise en sc\u00e8ne : Philippe Person<\/span><\/address>\n<address style=\"text-align: center;\"><span style=\"color: #000000;\">Avec : Yannis Bougerad, Florence Lecorre-Person, Sylvie Van Cleven, Philippe Person en alternance avec Pascal Thoreau<\/span><\/address>\n<address style=\"text-align: center;\">\u00a0<\/address>\n<h3 style=\"text-align: center;\"><span style=\"color: #000000;\">sera pr\u00e9sent\u00e9<\/span><span style=\"color: #000000;\">\u00a0<\/span><span style=\"color: #d92533;\"><span style=\"color: #000000;\">au<\/span> Th\u00e9\u00e2tre des Carmes<\/span><span style=\"font-size: 13px;\">\u00a0<\/span><\/h3>\n<h2 style=\"text-align: center;\">du 5 au 27 juillet 2014<\/h2>\n<address style=\"text-align: center;\"><span style=\"color: #000000;\">R\u00e9servation : 04 90 82 20 47\u00a0\u00a0<\/span><\/address>\n<p style=\"text-align: center;\">\n<p style=\"text-align: center;\"><img loading=\"lazy\" decoding=\"async\" class=\"wp-image-1435 aligncenter\" title=\"enfants paradis (6)\" src=\"https:\/\/jacquesprevert.fr\/wp-content\/uploads\/2014\/02\/enfants-paradis-6-223x300.jpg\" alt=\"\" width=\"223\" height=\"300\" srcset=\"https:\/\/jacquesprevert.fr\/wp-content\/uploads\/2014\/02\/enfants-paradis-6-223x300.jpg 223w, https:\/\/jacquesprevert.fr\/wp-content\/uploads\/2014\/02\/enfants-paradis-6.jpg 317w\" sizes=\"auto, (max-width: 223px) 100vw, 223px\" \/><\/p>\n<p style=\"text-align: center;\">\n<p style=\"text-align: center;\"><strong><span style=\"color: #d02e3f;\"><a href=\"http:\/\/www.visioscene.com\/bande-annonce\/86352\/Les+enfants+du+paradis\" target=\"_blank\"><span style=\"color: #d02e3f;\">Bande-annonce<\/span><\/a><\/span><\/strong><\/p>\n<p style=\"text-align: center;\">\n<p><em>\u00ab Les Enfants du paradis \u00bb reste le film le plus pl\u00e9biscit\u00e9 par le public et les cin\u00e9philes.\u00a0OEuvre patrimoniale dont chacun de nous garde un souvenir attendri et intime.\u00a0Il est donc presque sacril\u00e8ge de s\u2019emparer de l\u2019oeuvre pour la transposer \u00e0 la sc\u00e8ne.\u00a0Pourtant il faut consid\u00e9rer que Les Enfants du paradis est avant tout un texte\u00a0de Jacques Pr\u00e9vert d\u2019une beaut\u00e9, d\u2019une fulgurance et d\u2019une force qui lui permet\u00a0de s\u2019affranchir de toute image cin\u00e9matographique.\u00a0Personnages embl\u00e9matiques, dialogues \u00e0 la fois savoureux et incisifs, tout invite \u00e0 attiser\u00a0le d\u00e9sir de voir ce texte port\u00e9 au th\u00e9\u00e2tre. Y trouvant son existence propre et s\u2019attachant\u00a0\u00e0 sublimer cette langue d\u2019une puret\u00e9 bouleversante.\u00a0C\u2019est ce que j\u2019ai tent\u00e9 de faire \u00e0 travers cette adaptation du sc\u00e9nario originel\u00a0de Jacques Pr\u00e9vert.<\/em> <em><\/em><span style=\"color: #808080;\">Philippe Honor\u00e9<\/span><\/p>\n<p style=\"text-align: center;\">\n<address style=\"text-align: center;\">&#8211; Comment vous appelez-vous ?<\/address>\n<address style=\"text-align: center;\">&#8211; Moi je m\u2019appelle jamais, je suis toujours l\u00e0,<\/address>\n<address style=\"text-align: center;\">je n\u2019ai pas besoin de m\u2019appeler\u2026 mais les autres<\/address>\n<address style=\"text-align: center;\">m\u2019appellent Garance, si \u00e7a peut vous int\u00e9resser !<\/address>\n<address style=\"text-align: center;\">&#8211; C\u2019est pas un nom, \u00e7a !<\/address>\n<address style=\"text-align: center;\">&#8211; C\u2019est un nom de fleur, mais mon vrai nom,<\/address>\n<address style=\"text-align: center;\">mon nom de jeune fille, c\u2019est Claire.<\/address>\n<address style=\"text-align: center;\">&#8211; Claire comment ?<\/address>\n<address style=\"text-align: center;\">&#8211; Claire comme le jour\u2026 Claire comme l\u2019eau de roche.<\/address>\n<address style=\"text-align: center;\"><span style=\"color: #808080;\">(Jacques Pr\u00e9vert)<\/span><\/address>\n<address style=\"text-align: center;\">\u00a0<\/address>\n<address style=\"text-align: center;\">\u00a0<\/address>\n","protected":false},"excerpt":{"rendered":"<p>Apr\u00e8s 4 mois de repr\u00e9sentations au Lucernaire \u00e0 Paris le spectacle &#8220;Les Enfants du paradis&#8221; d&#8217;apr\u00e8s le sc\u00e9nario de Jacques Pr\u00e9vert Adaptation : Philippe Honor\u00e9 \/\u00a0Mise en sc\u00e8ne : Philippe Person Avec : Yannis Bougerad, Florence Lecorre-Person, Sylvie Van Cleven, Philippe Person en alternance avec Pascal Thoreau \u00a0 sera pr\u00e9sent\u00e9\u00a0au Th\u00e9\u00e2tre des Carmes\u00a0 du 5 [&hellip;]<\/p>\n","protected":false},"author":3,"featured_media":1598,"comment_status":"open","ping_status":"open","sticky":false,"template":"","format":"standard","meta":{"footnotes":""},"categories":[7],"tags":[25,23,26,27,24],"class_list":["post-1425","post","type-post","status-publish","format-standard","has-post-thumbnail","hentry","category-spectacle","tag-avignon","tag-enfants-du-paradis","tag-lucernaire","tag-person","tag-prevert","couleurs-red"],"aioseo_notices":[],"_links":{"self":[{"href":"https:\/\/jacquesprevert.fr\/en\/wp-json\/wp\/v2\/posts\/1425","targetHints":{"allow":["GET"]}}],"collection":[{"href":"https:\/\/jacquesprevert.fr\/en\/wp-json\/wp\/v2\/posts"}],"about":[{"href":"https:\/\/jacquesprevert.fr\/en\/wp-json\/wp\/v2\/types\/post"}],"author":[{"embeddable":true,"href":"https:\/\/jacquesprevert.fr\/en\/wp-json\/wp\/v2\/users\/3"}],"replies":[{"embeddable":true,"href":"https:\/\/jacquesprevert.fr\/en\/wp-json\/wp\/v2\/comments?post=1425"}],"version-history":[{"count":57,"href":"https:\/\/jacquesprevert.fr\/en\/wp-json\/wp\/v2\/posts\/1425\/revisions"}],"predecessor-version":[{"id":1624,"href":"https:\/\/jacquesprevert.fr\/en\/wp-json\/wp\/v2\/posts\/1425\/revisions\/1624"}],"wp:featuredmedia":[{"embeddable":true,"href":"https:\/\/jacquesprevert.fr\/en\/wp-json\/wp\/v2\/media\/1598"}],"wp:attachment":[{"href":"https:\/\/jacquesprevert.fr\/en\/wp-json\/wp\/v2\/media?parent=1425"}],"wp:term":[{"taxonomy":"category","embeddable":true,"href":"https:\/\/jacquesprevert.fr\/en\/wp-json\/wp\/v2\/categories?post=1425"},{"taxonomy":"post_tag","embeddable":true,"href":"https:\/\/jacquesprevert.fr\/en\/wp-json\/wp\/v2\/tags?post=1425"}],"curies":[{"name":"wp","href":"https:\/\/api.w.org\/{rel}","templated":true}]}}