{"id":1401,"date":"2014-01-14T11:45:23","date_gmt":"2014-01-14T11:45:23","guid":{"rendered":"https:\/\/jacquesprevert.fr\/?p=1401"},"modified":"2014-02-12T09:42:14","modified_gmt":"2014-02-12T09:42:14","slug":"exposition-les-ecorches-du-20-01-au-07-02-a-toulouse","status":"publish","type":"post","link":"https:\/\/jacquesprevert.fr\/en\/2014\/01\/14\/exposition-les-ecorches-du-20-01-au-07-02-a-toulouse\/","title":{"rendered":"Exposition &#8220;Les \u00e9corch\u00e9s&#8221; du 20.01 au 07.02 \u00e0 Toulouse"},"content":{"rendered":"<p style=\"text-align: center;\">\u00a0<strong>La ville de Toulouse accueille<\/strong><\/p>\n<h2 style=\"text-align: center;\">Les Ecorch\u00e9s<\/h2>\n<h3 style=\"text-align: center;\"><strong><\/strong>du 20 janvier au 7 f\u00e9vrier 2014<\/h3>\n<p style=\"text-align: center;\">Exposition de collages de Jacques Pr\u00e9vert<\/p>\n<p style=\"text-align: center;\">Egalement au programme, le concert de Fr\u00e9d\u00e9ric Nevch\u00e9hirlian &#8220;Le soleil brille pour tout le monde ?&#8221; le 30 janvier \u00e0 20h30<\/p>\n<address style=\"text-align: center;\">\u00a0<strong>Centre culturel des Mazades<\/strong><\/address>\n<address style=\"text-align: center;\"><strong><\/strong>10 avenue des Mazades 31200 Toulouse<\/address>\n<address style=\"text-align: center;\">du lundi au vendredi de 9h \u00e0 18h<\/address>\n<address style=\"text-align: center;\">Renseignements : 05 34 40 40 10<\/address>\n<address style=\"text-align: center;\"><a title=\"http:\/\/www.cultures.toulouse.fr\/\" href=\"http:\/\/www.cultures.toulouse.fr\/agenda\/-\/agenda\/event\/5364086\" target=\"_blank\"><span style=\"color: #333399;\">http:\/\/www.cultures.toulouse.fr<\/span><\/a><\/address>\n<address style=\"text-align: center;\">\u00a0<\/address>\n<h6 style=\"text-align: center;\">Ill. : Jacques Pr\u00e9vert,\u00a0<em>D&#8217;apr\u00e8s le portrait du Duc d&#8217;Urbin<\/em>, collage.<\/h6>\n<h6 style=\"text-align: center;\">Collection priv\u00e9e Jacques Pr\u00e9vert \u00a9 Fatras\/Succession Jacques Pr\u00e9vert<\/h6>\n","protected":false},"excerpt":{"rendered":"<p>\u00a0La ville de Toulouse accueille Les Ecorch\u00e9s du 20 janvier au 7 f\u00e9vrier 2014 Exposition de collages de Jacques Pr\u00e9vert Egalement au programme, le concert de Fr\u00e9d\u00e9ric Nevch\u00e9hirlian &#8220;Le soleil brille pour tout le monde ?&#8221; le 30 janvier \u00e0 20h30 \u00a0Centre culturel des Mazades 10 avenue des Mazades 31200 Toulouse du lundi au vendredi [&hellip;]<\/p>\n","protected":false},"author":3,"featured_media":1405,"comment_status":"open","ping_status":"open","sticky":false,"template":"","format":"standard","meta":{"footnotes":""},"categories":[9],"tags":[],"class_list":["post-1401","post","type-post","status-publish","format-standard","has-post-thumbnail","hentry","category-exposition","couleurs-yellow"],"aioseo_notices":[],"_links":{"self":[{"href":"https:\/\/jacquesprevert.fr\/en\/wp-json\/wp\/v2\/posts\/1401","targetHints":{"allow":["GET"]}}],"collection":[{"href":"https:\/\/jacquesprevert.fr\/en\/wp-json\/wp\/v2\/posts"}],"about":[{"href":"https:\/\/jacquesprevert.fr\/en\/wp-json\/wp\/v2\/types\/post"}],"author":[{"embeddable":true,"href":"https:\/\/jacquesprevert.fr\/en\/wp-json\/wp\/v2\/users\/3"}],"replies":[{"embeddable":true,"href":"https:\/\/jacquesprevert.fr\/en\/wp-json\/wp\/v2\/comments?post=1401"}],"version-history":[{"count":11,"href":"https:\/\/jacquesprevert.fr\/en\/wp-json\/wp\/v2\/posts\/1401\/revisions"}],"predecessor-version":[{"id":1424,"href":"https:\/\/jacquesprevert.fr\/en\/wp-json\/wp\/v2\/posts\/1401\/revisions\/1424"}],"wp:featuredmedia":[{"embeddable":true,"href":"https:\/\/jacquesprevert.fr\/en\/wp-json\/wp\/v2\/media\/1405"}],"wp:attachment":[{"href":"https:\/\/jacquesprevert.fr\/en\/wp-json\/wp\/v2\/media?parent=1401"}],"wp:term":[{"taxonomy":"category","embeddable":true,"href":"https:\/\/jacquesprevert.fr\/en\/wp-json\/wp\/v2\/categories?post=1401"},{"taxonomy":"post_tag","embeddable":true,"href":"https:\/\/jacquesprevert.fr\/en\/wp-json\/wp\/v2\/tags?post=1401"}],"curies":[{"name":"wp","href":"https:\/\/api.w.org\/{rel}","templated":true}]}}