{"id":1358,"date":"2013-09-30T11:33:12","date_gmt":"2013-09-30T11:33:12","guid":{"rendered":"https:\/\/jacquesprevert.fr\/?p=1358"},"modified":"2013-12-23T09:24:10","modified_gmt":"2013-12-23T09:24:10","slug":"exposition-le-siecle-de-jacques-prevert-a-gueret","status":"publish","type":"post","link":"https:\/\/jacquesprevert.fr\/en\/2013\/09\/30\/exposition-le-siecle-de-jacques-prevert-a-gueret\/","title":{"rendered":"Exposition &#8220;Le si\u00e8cle de Jacques Pr\u00e9vert&#8221; \u00e0 Gu\u00e9ret"},"content":{"rendered":"<p style=\"text-align: center;\"><strong><span style=\"color: #000000;\">La ville de Gu\u00e9ret accueille l&#8217;exposition <\/span><\/strong><\/p>\n<h2 style=\"text-align: center;\"><span style=\"color: #000000;\">Le Si\u00e8cle de Jacques Pr\u00e9vert<\/span><\/h2>\n<h3 style=\"text-align: center;\"><span style=\"color: #000000;\"><strong><\/strong><span style=\"color: #808080;\">du 9 au 30 novembre 2013<\/span><\/span><\/h3>\n<p style=\"text-align: center;\">Vernissage le vendredi 8 novembre \u00e0 18h<\/p>\n<p style=\"text-align: center;\">\n<address style=\"text-align: center;\"><strong>Mus\u00e9e du Pr\u00e9sidal, Salle Chaminadour<\/strong><\/address>\n<address style=\"text-align: center;\">Entr\u00e9e libre les mercredis de 15h \u00e0 19h\u00a0<\/address>\n<address style=\"text-align: center;\">et samedis de 10h \u00e0 12h et de 14h \u00e0 18h<\/address>\n<address style=\"text-align: center;\">Renseignements : 05.55.52.96.35<\/address>\n","protected":false},"excerpt":{"rendered":"<p>La ville de Gu\u00e9ret accueille l&#8217;exposition Le Si\u00e8cle de Jacques Pr\u00e9vert du 9 au 30 novembre 2013 Vernissage le vendredi 8 novembre \u00e0 18h Mus\u00e9e du Pr\u00e9sidal, Salle Chaminadour Entr\u00e9e libre les mercredis de 15h \u00e0 19h\u00a0 et samedis de 10h \u00e0 12h et de 14h \u00e0 18h Renseignements : 05.55.52.96.35<\/p>\n","protected":false},"author":3,"featured_media":1365,"comment_status":"open","ping_status":"open","sticky":false,"template":"","format":"standard","meta":{"footnotes":""},"categories":[9],"tags":[],"class_list":["post-1358","post","type-post","status-publish","format-standard","has-post-thumbnail","hentry","category-exposition","couleurs-yellow"],"aioseo_notices":[],"_links":{"self":[{"href":"https:\/\/jacquesprevert.fr\/en\/wp-json\/wp\/v2\/posts\/1358","targetHints":{"allow":["GET"]}}],"collection":[{"href":"https:\/\/jacquesprevert.fr\/en\/wp-json\/wp\/v2\/posts"}],"about":[{"href":"https:\/\/jacquesprevert.fr\/en\/wp-json\/wp\/v2\/types\/post"}],"author":[{"embeddable":true,"href":"https:\/\/jacquesprevert.fr\/en\/wp-json\/wp\/v2\/users\/3"}],"replies":[{"embeddable":true,"href":"https:\/\/jacquesprevert.fr\/en\/wp-json\/wp\/v2\/comments?post=1358"}],"version-history":[{"count":12,"href":"https:\/\/jacquesprevert.fr\/en\/wp-json\/wp\/v2\/posts\/1358\/revisions"}],"predecessor-version":[{"id":1387,"href":"https:\/\/jacquesprevert.fr\/en\/wp-json\/wp\/v2\/posts\/1358\/revisions\/1387"}],"wp:featuredmedia":[{"embeddable":true,"href":"https:\/\/jacquesprevert.fr\/en\/wp-json\/wp\/v2\/media\/1365"}],"wp:attachment":[{"href":"https:\/\/jacquesprevert.fr\/en\/wp-json\/wp\/v2\/media?parent=1358"}],"wp:term":[{"taxonomy":"category","embeddable":true,"href":"https:\/\/jacquesprevert.fr\/en\/wp-json\/wp\/v2\/categories?post=1358"},{"taxonomy":"post_tag","embeddable":true,"href":"https:\/\/jacquesprevert.fr\/en\/wp-json\/wp\/v2\/tags?post=1358"}],"curies":[{"name":"wp","href":"https:\/\/api.w.org\/{rel}","templated":true}]}}