{"id":1333,"date":"2013-11-09T08:33:24","date_gmt":"2013-11-09T08:33:24","guid":{"rendered":"https:\/\/jacquesprevert.fr\/?p=1333"},"modified":"2013-12-23T09:24:01","modified_gmt":"2013-12-23T09:24:01","slug":"editions-combo-dvd-blu-ray-et-coffret-collector-le-roi-et-loiseau","status":"publish","type":"post","link":"https:\/\/jacquesprevert.fr\/en\/2013\/11\/09\/editions-combo-dvd-blu-ray-et-coffret-collector-le-roi-et-loiseau\/","title":{"rendered":"Editions combo DVD, Blu-ray et coffret collector &#8220;Le roi et l&#8217;oiseau&#8221;"},"content":{"rendered":"<p style=\"text-align: center;\"><strong>Apr\u00e8s sa sortie en salles en version restaur\u00e9e, STUDIOCANAL \u00e9dite<\/strong><\/p>\n<h2 style=\"text-align: center;\"><span style=\"color: #333333;\">Le roi et l&#8217;oiseau<\/span><\/h2>\n<h3 style=\"text-align: center;\"><span style=\"color: #333333;\"><strong>en Combo DVD, Blu-ray et Coffret collector<\/strong><\/span><\/h3>\n<h3 style=\"text-align: center;\"><span style=\"color: #808080;\">Sortie\u00a0le 15 octobre 2013<\/span><\/h3>\n<p>&nbsp;<\/p>\n<p style=\"text-align: left;\">Un film de\u00a0<strong>Paul Grimault\u00a0<\/strong>d&#8217;apr\u00e8s le conte\u00a0<em>La Berg\u00e8re et le Ramoneur<\/em><strong><em>\u00a0<\/em><\/strong>d&#8217;Andersen.<\/p>\n<p style=\"text-align: left;\">Sc\u00e9nario :\u00a0<strong>Jacques Pr\u00e9vert<\/strong>\u00a0et\u00a0<strong>Paul Grimault\u00a0<\/strong>Dialogues :\u00a0<strong>Jacques Pr\u00e9vert<\/strong><\/p>\n<h6 style=\"text-align: left;\"><\/h6>\n<p><span style=\"color: #000000;\"><span style=\"text-decoration: underline;\">Contenu du Coffret\u00a0collector\u00a0:<\/span>\u00a0<\/span><\/p>\n<p><span style=\"color: #000000;\">Blu-Ray du film + bonus \/\u00a0<\/span><span style=\"color: #000000;\">DVD du film + bonus \/\u00a0<\/span><span style=\"color: #000000;\">DVD des bonus du Blu-Ray \/\u00a0<\/span><span style=\"color: #000000;\">copie digitale offerte \/\u00a0<\/span><span style=\"color: #000000;\">livret sur le film : biographies et filmographies de Paul Grimault et Jacques Pr\u00e9vert, entretien avec Paul Grimault, entretien avec Wojciech Kilar, la restauration du film (28 pages) \/\u00a0<\/span><span style=\"color: #000000;\">5 reproductions : 4 photos du jeu d&#8217;exploitation de la sortie de 1980 et 1 dessin de Paul Grimault \/\u00a0<\/span><span style=\"color: #000000;\">CD de la bande originale du film \/\u00a0<\/span><span style=\"color: #000000;\">enveloppe Kraft contenant :\u00a0<\/span><span style=\"color: #000000;\">3 \u00e9ph\u00e9m\u00e9rides de Jacques Pr\u00e9vert,\u00a0<\/span><span style=\"color: #000000;\">1 fac-simil\u00e9 d&#8217;une lettre \u00e9crite par Paul Grimault \u00e0 Jacques Pr\u00e9vert,\u00a0<\/span><span style=\"color: #000000;\">l&#8217;affiche 2013 du film \/\u00a0<\/span><span style=\"color: #000000;\">1 fac-simil\u00e9 de l&#8217;original de la partition de la musique du th\u00e8me principal \u00e9crite de la main du compositeur Wojciech Kilar \/\u00a0<\/span><span style=\"color: #000000;\">&#8220;La Table tournante&#8221; : documentaire sur la carri\u00e8re de Paul Grimault r\u00e9alis\u00e9 par Jacques Demy (1988 &#8211; 74&#8217;53 mn) \/\u00a0<\/span><span style=\"color: #000000;\">&#8220;Paul Grimault, image par image&#8221; : portrait de Paul Grimault (2003 &#8211; 56 mn) \/\u00a0<\/span><span style=\"color: #000000;\">court-m\u00e9trage : &#8220;La Faim dans le Monde&#8221; \/\u00a0<\/span><span style=\"color: #000000;\">&#8220;S&#8217;il n&#8217;en reste qu&#8217;un nous serons ces deux-l\u00e0&#8221; (61 mn) \/\u00a0<\/span><span style=\"color: #000000;\">&#8220;Dr\u00f4le d&#8217;oiseau&#8221; : interview de Paul Grimault (2003 &#8211; 21&#8217;21 mn)<\/span><\/p>\n","protected":false},"excerpt":{"rendered":"<p>Apr\u00e8s sa sortie en salles en version restaur\u00e9e, STUDIOCANAL \u00e9dite Le roi et l&#8217;oiseau en Combo DVD, Blu-ray et Coffret collector Sortie\u00a0le 15 octobre 2013 &nbsp; Un film de\u00a0Paul Grimault\u00a0d&#8217;apr\u00e8s le conte\u00a0La Berg\u00e8re et le Ramoneur\u00a0d&#8217;Andersen. Sc\u00e9nario :\u00a0Jacques Pr\u00e9vert\u00a0et\u00a0Paul Grimault\u00a0Dialogues :\u00a0Jacques Pr\u00e9vert Contenu du Coffret\u00a0collector\u00a0:\u00a0 Blu-Ray du film + bonus \/\u00a0DVD du film + bonus [&hellip;]<\/p>\n","protected":false},"author":3,"featured_media":1334,"comment_status":"open","ping_status":"open","sticky":false,"template":"","format":"standard","meta":{"footnotes":""},"categories":[8],"tags":[],"class_list":["post-1333","post","type-post","status-publish","format-standard","has-post-thumbnail","hentry","category-audiovisuel","couleurs-red"],"aioseo_notices":[],"_links":{"self":[{"href":"https:\/\/jacquesprevert.fr\/en\/wp-json\/wp\/v2\/posts\/1333","targetHints":{"allow":["GET"]}}],"collection":[{"href":"https:\/\/jacquesprevert.fr\/en\/wp-json\/wp\/v2\/posts"}],"about":[{"href":"https:\/\/jacquesprevert.fr\/en\/wp-json\/wp\/v2\/types\/post"}],"author":[{"embeddable":true,"href":"https:\/\/jacquesprevert.fr\/en\/wp-json\/wp\/v2\/users\/3"}],"replies":[{"embeddable":true,"href":"https:\/\/jacquesprevert.fr\/en\/wp-json\/wp\/v2\/comments?post=1333"}],"version-history":[{"count":23,"href":"https:\/\/jacquesprevert.fr\/en\/wp-json\/wp\/v2\/posts\/1333\/revisions"}],"predecessor-version":[{"id":1386,"href":"https:\/\/jacquesprevert.fr\/en\/wp-json\/wp\/v2\/posts\/1333\/revisions\/1386"}],"wp:featuredmedia":[{"embeddable":true,"href":"https:\/\/jacquesprevert.fr\/en\/wp-json\/wp\/v2\/media\/1334"}],"wp:attachment":[{"href":"https:\/\/jacquesprevert.fr\/en\/wp-json\/wp\/v2\/media?parent=1333"}],"wp:term":[{"taxonomy":"category","embeddable":true,"href":"https:\/\/jacquesprevert.fr\/en\/wp-json\/wp\/v2\/categories?post=1333"},{"taxonomy":"post_tag","embeddable":true,"href":"https:\/\/jacquesprevert.fr\/en\/wp-json\/wp\/v2\/tags?post=1333"}],"curies":[{"name":"wp","href":"https:\/\/api.w.org\/{rel}","templated":true}]}}