{"id":1296,"date":"2013-07-22T09:05:34","date_gmt":"2013-07-22T09:05:34","guid":{"rendered":"https:\/\/jacquesprevert.fr\/?p=1296"},"modified":"2013-07-22T09:05:34","modified_gmt":"2013-07-22T09:05:34","slug":"en-sortant-de-lecole-dans-la-collection-poesies-dessinees","status":"publish","type":"post","link":"https:\/\/jacquesprevert.fr\/en\/2013\/07\/22\/en-sortant-de-lecole-dans-la-collection-poesies-dessinees\/","title":{"rendered":"&#8220;En sortant de l&#8217;\u00e9cole&#8221; dans la collection &#8220;Po\u00e9sies dessin\u00e9es&#8221;"},"content":{"rendered":"<h2 style=\"text-align: center;\"><em><span style=\"color: #333333;\">En sortant de l&#8217;\u00e9cole<\/span><\/em><\/h2>\n<h4 style=\"text-align: center;\">po\u00e8me\u00a0de Jacques Pr\u00e9vert,\u00a0illustr\u00e9 par Julie Safirstein<\/h4>\n<h4 style=\"text-align: center;\">Collection &#8220;Po\u00e9sies dessin\u00e9es&#8221;,\u00a0chez <span style=\"color: #000000;\"><a href=\"http:\/\/http:\/\/www.maeght.com\/editions\/article.asp?id_selection=7&amp;id=3506\"><span style=\"color: #000000;\">Maeght \u00c9diteur <\/span><\/a>\u00a0<\/span><\/h4>\n<h4 style=\"text-align: center;\">\u00a0Lithographie\u00a0\u00a017 x 22\u00a0cm<\/h4>\n<p>&nbsp;<\/p>\n<p><span style=\"color: #000000;\">&#8220;Po\u00e9sies dessin\u00e9es&#8221; est une collection de livres-po\u00e8mes imagin\u00e9s par <strong><a href=\"http:\/\/http:\/\/www.juliesafirstein.com\"><span style=\"color: #000000;\">Julie Safirstein<\/span><\/a><\/strong>,\u00a0imprim\u00e9s en lithographie. Des livres d\u00e9pliants \u00e0 peindre, \u00e0 dessiner, \u00e0 raconter, \u00e0 partager, au fil des mots du po\u00e8te et des formes color\u00e9es propos\u00e9es par l&#8217;artiste.<\/span><\/p>\n","protected":false},"excerpt":{"rendered":"<p>En sortant de l&#8217;\u00e9cole po\u00e8me\u00a0de Jacques Pr\u00e9vert,\u00a0illustr\u00e9 par Julie Safirstein Collection &#8220;Po\u00e9sies dessin\u00e9es&#8221;,\u00a0chez Maeght \u00c9diteur \u00a0 \u00a0Lithographie\u00a0\u00a017 x 22\u00a0cm &nbsp; &#8220;Po\u00e9sies dessin\u00e9es&#8221; est une collection de livres-po\u00e8mes imagin\u00e9s par Julie Safirstein,\u00a0imprim\u00e9s en lithographie. Des livres d\u00e9pliants \u00e0 peindre, \u00e0 dessiner, \u00e0 raconter, \u00e0 partager, au fil des mots du po\u00e8te et des formes color\u00e9es propos\u00e9es [&hellip;]<\/p>\n","protected":false},"author":3,"featured_media":1297,"comment_status":"open","ping_status":"open","sticky":false,"template":"","format":"standard","meta":{"footnotes":""},"categories":[10],"tags":[],"class_list":["post-1296","post","type-post","status-publish","format-standard","has-post-thumbnail","hentry","category-edition","couleurs-blue"],"aioseo_notices":[],"_links":{"self":[{"href":"https:\/\/jacquesprevert.fr\/en\/wp-json\/wp\/v2\/posts\/1296","targetHints":{"allow":["GET"]}}],"collection":[{"href":"https:\/\/jacquesprevert.fr\/en\/wp-json\/wp\/v2\/posts"}],"about":[{"href":"https:\/\/jacquesprevert.fr\/en\/wp-json\/wp\/v2\/types\/post"}],"author":[{"embeddable":true,"href":"https:\/\/jacquesprevert.fr\/en\/wp-json\/wp\/v2\/users\/3"}],"replies":[{"embeddable":true,"href":"https:\/\/jacquesprevert.fr\/en\/wp-json\/wp\/v2\/comments?post=1296"}],"version-history":[{"count":9,"href":"https:\/\/jacquesprevert.fr\/en\/wp-json\/wp\/v2\/posts\/1296\/revisions"}],"predecessor-version":[{"id":1780,"href":"https:\/\/jacquesprevert.fr\/en\/wp-json\/wp\/v2\/posts\/1296\/revisions\/1780"}],"wp:featuredmedia":[{"embeddable":true,"href":"https:\/\/jacquesprevert.fr\/en\/wp-json\/wp\/v2\/media\/1297"}],"wp:attachment":[{"href":"https:\/\/jacquesprevert.fr\/en\/wp-json\/wp\/v2\/media?parent=1296"}],"wp:term":[{"taxonomy":"category","embeddable":true,"href":"https:\/\/jacquesprevert.fr\/en\/wp-json\/wp\/v2\/categories?post=1296"},{"taxonomy":"post_tag","embeddable":true,"href":"https:\/\/jacquesprevert.fr\/en\/wp-json\/wp\/v2\/tags?post=1296"}],"curies":[{"name":"wp","href":"https:\/\/api.w.org\/{rel}","templated":true}]}}