{"id":1232,"date":"2013-05-29T10:15:20","date_gmt":"2013-05-29T10:15:20","guid":{"rendered":"https:\/\/jacquesprevert.fr\/?p=1232"},"modified":"2013-07-01T10:59:07","modified_gmt":"2013-07-01T10:59:07","slug":"une-exquise-promenade-au-musee-picasso-01-06","status":"publish","type":"post","link":"https:\/\/jacquesprevert.fr\/en\/2013\/05\/29\/une-exquise-promenade-au-musee-picasso-01-06\/","title":{"rendered":"&#8220;Une exquise promenade&#8221;  au Mus\u00e9e Picasso 01.06"},"content":{"rendered":"<h6 style=\"text-align: center;\"><span style=\"color: #808080;\">Picasso et Jacques pr\u00e9vert \u00e0 La Colombe d&#8217;Or, Saint-paul-de-Vence, avril 1951. <\/span><\/h6>\n<h6 style=\"text-align: center;\"><span style=\"color: #808080;\">Collection priv\u00e9e Jacques Pr\u00e9vert \/ Photo : Edward Quinn\u00a0\u00a9 Studio Lipnitzki\/Roger-Viollet<\/span><\/h6>\n<p>&nbsp;<\/p>\n<h2 style=\"text-align: center;\"><span style=\"color: #000000;\">Une exquise promenade<\/span><\/h2>\n<h3 style=\"text-align: center;\">samedi 1er juin 2013 \u00e0 11h<\/h3>\n<p style=\"text-align: center;\">au<strong> Mus\u00e9e Picasso\u00a0<\/strong><\/p>\n<p>&nbsp;<\/p>\n<p style=\"text-align: justify;\">Dans le cadre du festival \u00d4 4 Vents,\u00a0<span style=\"color: #333333;\">Ere de jeux<\/span> et <strong>Olivier Constant<\/strong>, com\u00e9dien de la compagnie des loups, propose une lecture des plus beaux po\u00e8mes de Jacques Pr\u00e9vert sur son ami Pablo Picasso.<\/p>\n<p>Un atelier plastique enfants\/parents autour de Picasso sera propos\u00e9 \u00e0 l&#8217;issue de la lecture.<\/p>\n<p>Dur\u00e9e :\u00a030\u2019 de lecture \/ 1h d\u2019atelier. Tout public \u00e0 partir de 7 ans.\u00a0Gratuit.<\/p>\n<p>R\u00e9servation indispensable (places limit\u00e9es) :\u00a0<span style=\"color: #000000;\"><a href=\"http:\/\/www.o4vents.fr\/o4vents\/promenade.html\" target=\"_blank\"><span style=\"color: #000000;\">Ere de jeux<\/span><\/a>\u00a0<span style=\"color: #808080;\">Tel :<\/span><\/span><span style=\"color: #808080;\">\u00a001 44 54 76 80<\/span><\/p>\n<p><strong>Mus\u00e9e Picasso\u00a0<\/strong>H\u00f4tel Sal\u00e9 \u00a05, rue de Thorigny\u00a075003 Paris<\/p>\n","protected":false},"excerpt":{"rendered":"<p>Picasso et Jacques pr\u00e9vert \u00e0 La Colombe d&#8217;Or, Saint-paul-de-Vence, avril 1951. Collection priv\u00e9e Jacques Pr\u00e9vert \/ Photo : Edward Quinn\u00a0\u00a9 Studio Lipnitzki\/Roger-Viollet &nbsp; Une exquise promenade samedi 1er juin 2013 \u00e0 11h au Mus\u00e9e Picasso\u00a0 &nbsp; Dans le cadre du festival \u00d4 4 Vents,\u00a0Ere de jeux et Olivier Constant, com\u00e9dien de la compagnie des loups, [&hellip;]<\/p>\n","protected":false},"author":3,"featured_media":1269,"comment_status":"open","ping_status":"open","sticky":false,"template":"","format":"standard","meta":{"footnotes":""},"categories":[7],"tags":[],"class_list":["post-1232","post","type-post","status-publish","format-standard","has-post-thumbnail","hentry","category-spectacle","couleurs-red"],"aioseo_notices":[],"_links":{"self":[{"href":"https:\/\/jacquesprevert.fr\/en\/wp-json\/wp\/v2\/posts\/1232","targetHints":{"allow":["GET"]}}],"collection":[{"href":"https:\/\/jacquesprevert.fr\/en\/wp-json\/wp\/v2\/posts"}],"about":[{"href":"https:\/\/jacquesprevert.fr\/en\/wp-json\/wp\/v2\/types\/post"}],"author":[{"embeddable":true,"href":"https:\/\/jacquesprevert.fr\/en\/wp-json\/wp\/v2\/users\/3"}],"replies":[{"embeddable":true,"href":"https:\/\/jacquesprevert.fr\/en\/wp-json\/wp\/v2\/comments?post=1232"}],"version-history":[{"count":44,"href":"https:\/\/jacquesprevert.fr\/en\/wp-json\/wp\/v2\/posts\/1232\/revisions"}],"predecessor-version":[{"id":1291,"href":"https:\/\/jacquesprevert.fr\/en\/wp-json\/wp\/v2\/posts\/1232\/revisions\/1291"}],"wp:featuredmedia":[{"embeddable":true,"href":"https:\/\/jacquesprevert.fr\/en\/wp-json\/wp\/v2\/media\/1269"}],"wp:attachment":[{"href":"https:\/\/jacquesprevert.fr\/en\/wp-json\/wp\/v2\/media?parent=1232"}],"wp:term":[{"taxonomy":"category","embeddable":true,"href":"https:\/\/jacquesprevert.fr\/en\/wp-json\/wp\/v2\/categories?post=1232"},{"taxonomy":"post_tag","embeddable":true,"href":"https:\/\/jacquesprevert.fr\/en\/wp-json\/wp\/v2\/tags?post=1232"}],"curies":[{"name":"wp","href":"https:\/\/api.w.org\/{rel}","templated":true}]}}