{"id":1195,"date":"2013-04-02T10:17:19","date_gmt":"2013-04-02T10:17:19","guid":{"rendered":"https:\/\/jacquesprevert.fr\/?p=1195"},"modified":"2013-04-16T08:39:51","modified_gmt":"2013-04-16T08:39:51","slug":"tetes-raides-chante-jacques-prevert","status":"publish","type":"post","link":"https:\/\/jacquesprevert.fr\/en\/2013\/04\/02\/tetes-raides-chante-jacques-prevert\/","title":{"rendered":"T\u00eates Raides chante Jacques Pr\u00e9vert"},"content":{"rendered":"<h2 style=\"text-align: center;\"><span style=\"color: #333333;\"><span style=\"color: #000000;\"><a href=\"http:\/\/alaniche.fr\/medias\/corps-de-mots#.UVqr50axlnk\" target=\"_blank\"><span style=\"color: #000000;\">T\u00eates Raides<\/span><\/a><\/span> pr\u00eate sa voix \u00e0 la po\u00e9sie et\u00a0interpr\u00e8te &#8220;Le cheval rouge&#8221; de Jacques Pr\u00e9vert dans leur nouvel album<\/span><\/h2>\n<h1 style=\"text-align: center;\"><span style=\"color: #000000;\">Corps de mots<\/span><\/h1>\n<p>&nbsp;<\/p>\n<p><span style=\"color: #000000;\"><strong>CD + DVD\u00a0<\/strong>live enregistr\u00e9 aux Bouffes du Nord (Paris) les 14 et 15 d\u00e9cembre 2012<\/span><\/p>\n<p><span style=\"color: #000000;\"><strong>Digibook<\/strong> de 114 pages contenant l&#8217;int\u00e9gralit\u00e9 des textes, une pr\u00e9sentation de chaque auteur <\/span><\/p>\n<p><span style=\"color: #000000;\">Illustrations :\u00a0Chats Pel\u00e9s\u00a0<\/span><\/p>\n<p><span style=\"color: #000000;\">Photos exclusives :\u00a0Richard Dumas <\/span><\/p>\n<p><span style=\"color: #000000;\">Edition :\u00a0Mon Pauvre Ami\u00a0<\/span><\/p>\n<p><span style=\"color: #000000;\">Parution : 15 avril 2013<\/span><\/p>\n<p>&nbsp;<\/p>\n<p>T\u00eates Raides pr\u00e9sente <em>Corps de Mots<\/em> \u00e0 partir du 9 avril 2013<strong> au Lavoir Moderne Parisien les\u00a0<strong>9-10-11-12 et 13 avril \u00e0 19h.<\/strong><\/strong><\/p>\n<p>Prix unique de 25\u20ac. Billeterie : cliquez <a href=\"http:\/\/alaniche.fr\/billet\/billetterie-tetes-raides-au-lavoir-moderne#.UVrQ2kaxlnn\">ici<\/a><\/p>\n","protected":false},"excerpt":{"rendered":"<p>T\u00eates Raides pr\u00eate sa voix \u00e0 la po\u00e9sie et\u00a0interpr\u00e8te &#8220;Le cheval rouge&#8221; de Jacques Pr\u00e9vert dans leur nouvel album Corps de mots &nbsp; CD + DVD\u00a0live enregistr\u00e9 aux Bouffes du Nord (Paris) les 14 et 15 d\u00e9cembre 2012 Digibook de 114 pages contenant l&#8217;int\u00e9gralit\u00e9 des textes, une pr\u00e9sentation de chaque auteur Illustrations :\u00a0Chats Pel\u00e9s\u00a0 Photos [&hellip;]<\/p>\n","protected":false},"author":3,"featured_media":1201,"comment_status":"open","ping_status":"open","sticky":false,"template":"","format":"standard","meta":{"footnotes":""},"categories":[12],"tags":[],"class_list":["post-1195","post","type-post","status-publish","format-standard","has-post-thumbnail","hentry","category-concert","couleurs-blue"],"aioseo_notices":[],"_links":{"self":[{"href":"https:\/\/jacquesprevert.fr\/en\/wp-json\/wp\/v2\/posts\/1195","targetHints":{"allow":["GET"]}}],"collection":[{"href":"https:\/\/jacquesprevert.fr\/en\/wp-json\/wp\/v2\/posts"}],"about":[{"href":"https:\/\/jacquesprevert.fr\/en\/wp-json\/wp\/v2\/types\/post"}],"author":[{"embeddable":true,"href":"https:\/\/jacquesprevert.fr\/en\/wp-json\/wp\/v2\/users\/3"}],"replies":[{"embeddable":true,"href":"https:\/\/jacquesprevert.fr\/en\/wp-json\/wp\/v2\/comments?post=1195"}],"version-history":[{"count":16,"href":"https:\/\/jacquesprevert.fr\/en\/wp-json\/wp\/v2\/posts\/1195\/revisions"}],"predecessor-version":[{"id":1229,"href":"https:\/\/jacquesprevert.fr\/en\/wp-json\/wp\/v2\/posts\/1195\/revisions\/1229"}],"wp:featuredmedia":[{"embeddable":true,"href":"https:\/\/jacquesprevert.fr\/en\/wp-json\/wp\/v2\/media\/1201"}],"wp:attachment":[{"href":"https:\/\/jacquesprevert.fr\/en\/wp-json\/wp\/v2\/media?parent=1195"}],"wp:term":[{"taxonomy":"category","embeddable":true,"href":"https:\/\/jacquesprevert.fr\/en\/wp-json\/wp\/v2\/categories?post=1195"},{"taxonomy":"post_tag","embeddable":true,"href":"https:\/\/jacquesprevert.fr\/en\/wp-json\/wp\/v2\/tags?post=1195"}],"curies":[{"name":"wp","href":"https:\/\/api.w.org\/{rel}","templated":true}]}}