{"id":1166,"date":"2013-03-27T09:31:19","date_gmt":"2013-03-27T09:31:19","guid":{"rendered":"https:\/\/jacquesprevert.fr\/?p=1166"},"modified":"2013-03-27T11:47:47","modified_gmt":"2013-03-27T11:47:47","slug":"1166","status":"publish","type":"post","link":"https:\/\/jacquesprevert.fr\/en\/2013\/03\/27\/1166\/","title":{"rendered":"&#8220;Jacques Pr\u00e9vert en musique&#8221; \u00e0 Omonville-la-Petite"},"content":{"rendered":"<h3 style=\"text-align: center;\"><span style=\"color: #333333;\">La Maison \u00a0Jacques Pr\u00e9vert accueille \u00e0 partir du 1er avril 2013 une exposition consacr\u00e9e \u00e0\u00a0Jacques Pr\u00e9vert et la musique<\/span><\/h3>\n<p style=\"text-align: center;\"><strong><span style=\"color: #000000;\"><a href=\"http:\/\/www.patrimoine.manche.fr\/maison-jacques-prevert-N.asp#.UVLbJka6hnk\" target=\"_blank\"><span style=\"color: #000000;\">Maison Jacques Pr\u00e9vert<\/span><\/a><\/span>\u00a0<\/strong>Le Val 50440 Omonville-la-Petite<\/p>\n<p style=\"text-align: center;\">\n<p style=\"text-align: center;\"><span style=\"color: #000000;\">P\u00e9riode d&#8217;ouverture : avril, mai et vacances scolaires (sauf No\u00ebl) de 14h \u00e0 18h \/\u00a0<\/span><span style=\"color: #000000;\">juin et septembre de 11h \u00e0 18h \/ juillet et ao\u00fbt de 11h \u00e0 19h<\/span><\/p>\n<p style=\"text-align: center;\"><span style=\"color: #333333;\">Renseignements : 02 33 52 72 38<\/span><\/p>\n","protected":false},"excerpt":{"rendered":"<p>La Maison \u00a0Jacques Pr\u00e9vert accueille \u00e0 partir du 1er avril 2013 une exposition consacr\u00e9e \u00e0\u00a0Jacques Pr\u00e9vert et la musique Maison Jacques Pr\u00e9vert\u00a0Le Val 50440 Omonville-la-Petite P\u00e9riode d&#8217;ouverture : avril, mai et vacances scolaires (sauf No\u00ebl) de 14h \u00e0 18h \/\u00a0juin et septembre de 11h \u00e0 18h \/ juillet et ao\u00fbt de 11h \u00e0 19h Renseignements [&hellip;]<\/p>\n","protected":false},"author":3,"featured_media":1172,"comment_status":"open","ping_status":"open","sticky":false,"template":"","format":"standard","meta":{"footnotes":""},"categories":[9],"tags":[],"class_list":["post-1166","post","type-post","status-publish","format-standard","has-post-thumbnail","hentry","category-exposition","couleurs-yellow"],"aioseo_notices":[],"_links":{"self":[{"href":"https:\/\/jacquesprevert.fr\/en\/wp-json\/wp\/v2\/posts\/1166","targetHints":{"allow":["GET"]}}],"collection":[{"href":"https:\/\/jacquesprevert.fr\/en\/wp-json\/wp\/v2\/posts"}],"about":[{"href":"https:\/\/jacquesprevert.fr\/en\/wp-json\/wp\/v2\/types\/post"}],"author":[{"embeddable":true,"href":"https:\/\/jacquesprevert.fr\/en\/wp-json\/wp\/v2\/users\/3"}],"replies":[{"embeddable":true,"href":"https:\/\/jacquesprevert.fr\/en\/wp-json\/wp\/v2\/comments?post=1166"}],"version-history":[{"count":13,"href":"https:\/\/jacquesprevert.fr\/en\/wp-json\/wp\/v2\/posts\/1166\/revisions"}],"predecessor-version":[{"id":1192,"href":"https:\/\/jacquesprevert.fr\/en\/wp-json\/wp\/v2\/posts\/1166\/revisions\/1192"}],"wp:featuredmedia":[{"embeddable":true,"href":"https:\/\/jacquesprevert.fr\/en\/wp-json\/wp\/v2\/media\/1172"}],"wp:attachment":[{"href":"https:\/\/jacquesprevert.fr\/en\/wp-json\/wp\/v2\/media?parent=1166"}],"wp:term":[{"taxonomy":"category","embeddable":true,"href":"https:\/\/jacquesprevert.fr\/en\/wp-json\/wp\/v2\/categories?post=1166"},{"taxonomy":"post_tag","embeddable":true,"href":"https:\/\/jacquesprevert.fr\/en\/wp-json\/wp\/v2\/tags?post=1166"}],"curies":[{"name":"wp","href":"https:\/\/api.w.org\/{rel}","templated":true}]}}