{"id":1139,"date":"2013-02-11T09:31:21","date_gmt":"2013-02-11T09:31:21","guid":{"rendered":"https:\/\/jacquesprevert.fr\/?p=1139"},"modified":"2013-02-11T09:39:48","modified_gmt":"2013-02-11T09:39:48","slug":"lenfer-des-anges-projection-et-debat-le-18-02","status":"publish","type":"post","link":"https:\/\/jacquesprevert.fr\/en\/2013\/02\/11\/lenfer-des-anges-projection-et-debat-le-18-02\/","title":{"rendered":"&#8220;L&#8217;Enfer des anges&#8221;, projection et d\u00e9bat le 18.02"},"content":{"rendered":"<h3 style=\"text-align: center;\">Lundi 18 f\u00e9vrier 2013 \u00e0 20h30<\/h3>\n<h3 style=\"text-align: center;\">\u00e0 la Filmoth\u00e8que du Quartier latin<\/h3>\n<p>&nbsp;<\/p>\n<p style=\"text-align: left;\">R\u00e9alis\u00e9 par Christian-Jaque \u00a0peu apr\u00e8s<em> Les Disparus de Saint-Agil<\/em>, sc\u00e9naris\u00e9 par Pierre V\u00e9ry et dialogu\u00e9 par Pierre Laroche avec le concours de Jacques Pr\u00e9vert (non cr\u00e9dit\u00e9 au g\u00e9n\u00e9rique), <em>L&#8217;Enfer des anges<\/em>\u00a0(1939) est un drame social\u00a0mettant en sc\u00e8ne les p\u00e9r\u00e9grinations de deux enfants abandonn\u00e9s par leur famille et livr\u00e9s aux griffes de la pauvret\u00e9 et du d\u00e9sespoir dans le Paris populaire.<\/p>\n<p style=\"text-align: left;\">Projection suivie d\u2019un d\u00e9bat avec Dani\u00e8le Gasiglia, Arnaud Laster et, sous r\u00e9serve, No\u00ebl V\u00e9ry.<\/p>\n<p style=\"text-align: left;\"><a href=\"http:\/\/www.lafilmotheque.fr\/\" target=\"_blank\">Filmoth\u00e8que du Quartier latin<\/a> &#8211; 9 rue Champollion &#8211; Paris 5e<\/p>\n","protected":false},"excerpt":{"rendered":"<p>Lundi 18 f\u00e9vrier 2013 \u00e0 20h30 \u00e0 la Filmoth\u00e8que du Quartier latin &nbsp; R\u00e9alis\u00e9 par Christian-Jaque \u00a0peu apr\u00e8s Les Disparus de Saint-Agil, sc\u00e9naris\u00e9 par Pierre V\u00e9ry et dialogu\u00e9 par Pierre Laroche avec le concours de Jacques Pr\u00e9vert (non cr\u00e9dit\u00e9 au g\u00e9n\u00e9rique), L&#8217;Enfer des anges\u00a0(1939) est un drame social\u00a0mettant en sc\u00e8ne les p\u00e9r\u00e9grinations de deux enfants [&hellip;]<\/p>\n","protected":false},"author":3,"featured_media":1140,"comment_status":"open","ping_status":"open","sticky":false,"template":"","format":"standard","meta":{"footnotes":""},"categories":[8],"tags":[],"class_list":["post-1139","post","type-post","status-publish","format-standard","has-post-thumbnail","hentry","category-audiovisuel","couleurs-green"],"aioseo_notices":[],"_links":{"self":[{"href":"https:\/\/jacquesprevert.fr\/en\/wp-json\/wp\/v2\/posts\/1139","targetHints":{"allow":["GET"]}}],"collection":[{"href":"https:\/\/jacquesprevert.fr\/en\/wp-json\/wp\/v2\/posts"}],"about":[{"href":"https:\/\/jacquesprevert.fr\/en\/wp-json\/wp\/v2\/types\/post"}],"author":[{"embeddable":true,"href":"https:\/\/jacquesprevert.fr\/en\/wp-json\/wp\/v2\/users\/3"}],"replies":[{"embeddable":true,"href":"https:\/\/jacquesprevert.fr\/en\/wp-json\/wp\/v2\/comments?post=1139"}],"version-history":[{"count":6,"href":"https:\/\/jacquesprevert.fr\/en\/wp-json\/wp\/v2\/posts\/1139\/revisions"}],"predecessor-version":[{"id":1148,"href":"https:\/\/jacquesprevert.fr\/en\/wp-json\/wp\/v2\/posts\/1139\/revisions\/1148"}],"wp:featuredmedia":[{"embeddable":true,"href":"https:\/\/jacquesprevert.fr\/en\/wp-json\/wp\/v2\/media\/1140"}],"wp:attachment":[{"href":"https:\/\/jacquesprevert.fr\/en\/wp-json\/wp\/v2\/media?parent=1139"}],"wp:term":[{"taxonomy":"category","embeddable":true,"href":"https:\/\/jacquesprevert.fr\/en\/wp-json\/wp\/v2\/categories?post=1139"},{"taxonomy":"post_tag","embeddable":true,"href":"https:\/\/jacquesprevert.fr\/en\/wp-json\/wp\/v2\/tags?post=1139"}],"curies":[{"name":"wp","href":"https:\/\/api.w.org\/{rel}","templated":true}]}}