{"id":1122,"date":"2013-02-06T12:10:41","date_gmt":"2013-02-06T12:10:41","guid":{"rendered":"https:\/\/jacquesprevert.fr\/?p=1122"},"modified":"2013-04-02T10:19:02","modified_gmt":"2013-04-02T10:19:02","slug":"catalogue-dexposition-les-enfants-du-paradis","status":"publish","type":"post","link":"https:\/\/jacquesprevert.fr\/en\/2013\/02\/06\/catalogue-dexposition-les-enfants-du-paradis\/","title":{"rendered":"Les Enfants du Paradis, catalogue d&#8217;exposition"},"content":{"rendered":"<h2 style=\"text-align: center;\"><span style=\"color: #333333;\"><strong><strong>Prix CatalPa 2012 pour les catalogues d\u2019expositions de Paris<\/strong><\/strong><\/span><\/h2>\n<h2 style=\"text-align: center;\"><span style=\"color: #333333;\"><strong><strong>d\u00e9cern\u00e9 par\u00a0l&#8217;Association Les Arpenteurs d&#8217;expositions<\/strong><\/strong><\/span><\/h2>\n<p>&nbsp;<\/p>\n<p style=\"text-align: justify;\"><strong><strong>Publi\u00e9 sous la direction de Laurent Mannoni et St\u00e9phanie Salmon, \u00ab Les Enfants du paradis, Marcel Carn\u00e9 &#8211; Jacques Pr\u00e9vert \u00bb est tout \u00e0 la fois le catalogue de l\u2019exposition pr\u00e9sent\u00e9e \u00e0 la Cin\u00e9math\u00e8que fran\u00e7aise et un livre-somme sur l\u2019un des films les plus mythiques de l\u2019Histoire du cin\u00e9ma.<\/strong><\/strong><\/p>\n<p style=\"text-align: justify;\"><strong><strong><\/strong><\/strong>\u00ab\u00a0<em>Les Enfants du paradis, Marcel Carn\u00e9-Jacques Pr\u00e9vert<\/em>\u00a0\u00bb,\u00a0264 pages, paru le 20\/10\/2012, co\u00e9dition Cin\u00e9math\u00e8que fran\u00e7aise, Fondation J\u00e9r\u00f4me Seydoux \u2013 Path\u00e9, et \u00e9ditions Xavier Barral<\/p>\n","protected":false},"excerpt":{"rendered":"<p>Prix CatalPa 2012 pour les catalogues d\u2019expositions de Paris d\u00e9cern\u00e9 par\u00a0l&#8217;Association Les Arpenteurs d&#8217;expositions &nbsp; Publi\u00e9 sous la direction de Laurent Mannoni et St\u00e9phanie Salmon, \u00ab Les Enfants du paradis, Marcel Carn\u00e9 &#8211; Jacques Pr\u00e9vert \u00bb est tout \u00e0 la fois le catalogue de l\u2019exposition pr\u00e9sent\u00e9e \u00e0 la Cin\u00e9math\u00e8que fran\u00e7aise et un livre-somme sur l\u2019un [&hellip;]<\/p>\n","protected":false},"author":3,"featured_media":1127,"comment_status":"open","ping_status":"open","sticky":false,"template":"","format":"standard","meta":{"footnotes":""},"categories":[10],"tags":[],"class_list":["post-1122","post","type-post","status-publish","format-standard","has-post-thumbnail","hentry","category-edition","couleurs-blue"],"aioseo_notices":[],"_links":{"self":[{"href":"https:\/\/jacquesprevert.fr\/en\/wp-json\/wp\/v2\/posts\/1122","targetHints":{"allow":["GET"]}}],"collection":[{"href":"https:\/\/jacquesprevert.fr\/en\/wp-json\/wp\/v2\/posts"}],"about":[{"href":"https:\/\/jacquesprevert.fr\/en\/wp-json\/wp\/v2\/types\/post"}],"author":[{"embeddable":true,"href":"https:\/\/jacquesprevert.fr\/en\/wp-json\/wp\/v2\/users\/3"}],"replies":[{"embeddable":true,"href":"https:\/\/jacquesprevert.fr\/en\/wp-json\/wp\/v2\/comments?post=1122"}],"version-history":[{"count":15,"href":"https:\/\/jacquesprevert.fr\/en\/wp-json\/wp\/v2\/posts\/1122\/revisions"}],"predecessor-version":[{"id":1205,"href":"https:\/\/jacquesprevert.fr\/en\/wp-json\/wp\/v2\/posts\/1122\/revisions\/1205"}],"wp:featuredmedia":[{"embeddable":true,"href":"https:\/\/jacquesprevert.fr\/en\/wp-json\/wp\/v2\/media\/1127"}],"wp:attachment":[{"href":"https:\/\/jacquesprevert.fr\/en\/wp-json\/wp\/v2\/media?parent=1122"}],"wp:term":[{"taxonomy":"category","embeddable":true,"href":"https:\/\/jacquesprevert.fr\/en\/wp-json\/wp\/v2\/categories?post=1122"},{"taxonomy":"post_tag","embeddable":true,"href":"https:\/\/jacquesprevert.fr\/en\/wp-json\/wp\/v2\/tags?post=1122"}],"curies":[{"name":"wp","href":"https:\/\/api.w.org\/{rel}","templated":true}]}}